{"id":37071,"date":"2025-02-12T15:21:57","date_gmt":"2025-02-12T21:21:57","guid":{"rendered":"https:\/\/labestiapolitica.com.mx\/?p=37071"},"modified":"2025-02-12T15:22:18","modified_gmt":"2025-02-12T21:22:18","slug":"%f0%9f%8e%a8%f0%9f%8c%bf-descubre-el-arte-y-la-pasion-%f0%9f%8e%a8%f0%9f%8c%bf","status":"publish","type":"post","link":"https:\/\/labestiapolitica.com.mx\/?p=37071","title":{"rendered":"\ud83c\udfa8\ud83c\udf3f \u00a1Descubre el arte y la pasi\u00f3n! \ud83c\udfa8\ud83c\udf3f"},"content":{"rendered":"<p style=\"text-align: justify;\" data-start=\"48\" data-end=\"215\">Te invitamos a visitar la <strong data-start=\"74\" data-end=\"129\">Exposici\u00f3n Pict\u00f3rica y Tallado de Madera \u00abOr\u00edgenes\u00bb<\/strong> del maestro <strong data-start=\"142\" data-end=\"172\">Irving Tom\u00e1s Munive Quiroz<\/strong> \ud83c\udfad. \u00a1Una muestra \u00fanica de talento local!<\/p>\n<p style=\"text-align: justify;\" data-start=\"217\" data-end=\"336\">\ud83d\udcc5 <strong data-start=\"220\" data-end=\"231\">Fechas:<\/strong> Del <strong data-start=\"236\" data-end=\"268\">10 de febrero al 10 de marzo<\/strong><br data-start=\"268\" data-end=\"271\" \/>\ud83d\udccd <strong data-start=\"274\" data-end=\"284\">Lugar:<\/strong> Sal\u00f3n de Cabildos de <strong data-start=\"306\" data-end=\"334\">La Magdalena Tlaltelulco<\/strong><\/p>\n<p style=\"text-align: justify;\" data-start=\"338\" data-end=\"477\">La exposici\u00f3n est\u00e1 <strong data-start=\"357\" data-end=\"398\">abierta al p\u00fablico de manera gratuita<\/strong> \ud83c\udf81, \u00a1una excelente oportunidad para admirar el arte en nuestra comunidad! \ud83d\udc4f<\/p>\n<p style=\"text-align: justify;\" data-start=\"479\" data-end=\"563\" data-is-last-node=\"\">#ExposicionOrigenes #ArtePictorico #TalladoDeMadera #LaMagdalenaTlaltelulco #Cultura<\/p>\n<p data-start=\"479\" data-end=\"563\" data-is-last-node=\"\"><a href=\"https:\/\/www.tlaltelulco.gob.mx\/uncategorized\/inauguran-exposicion-pictorica-y-tallado-de-madera-origenes-en-tlaltelulco\/?fbclid=IwY2xjawIZ749leHRuA2FlbQIxMQABHWTonHT4QjYD8eCJN4jn00DTi9oHRXbsJvfCmp_iyPd_SqSKEqq8jaJ6Ow_aem_ImmukJhHAmeZzZ-ciOdwlQ\">INAUGURAN EXPOSICI\u00d3N PICT\u00d3RICA Y TALLADO DE MADERA \u201cOR\u00cdGENES\u201d EN TLALTELULCO &#8211; Tlaltelulco<\/a><\/p>\n<p data-start=\"479\" data-end=\"563\" data-is-last-node=\"\">\n","protected":false},"excerpt":{"rendered":"<p>Te invitamos a visitar la Exposici\u00f3n Pict\u00f3rica y Tallado de Madera \u00abOr\u00edgenes\u00bb del maestro Irving Tom\u00e1s Munive Quiroz \ud83c\udfad. \u00a1Una muestra \u00fanica de talento local! \ud83d\udcc5 Fechas: Del 10 de febrero al 10 de marzo\ud83d\udccd Lugar: Sal\u00f3n de Cabildos de La Magdalena Tlaltelulco La exposici\u00f3n est\u00e1 abierta al p\u00fablico de manera gratuita \ud83c\udf81, \u00a1una excelente [&hellip;]<\/p>\n","protected":false},"author":3,"featured_media":37074,"comment_status":"open","ping_status":"open","sticky":false,"template":"","format":"standard","meta":{"footnotes":""},"categories":[12,218,216],"tags":[],"class_list":["post-37071","post","type-post","status-publish","format-standard","has-post-thumbnail","hentry","category-brujula-2026","category-la-magdalena-tlaltelulco","category-municipios"],"amp_enabled":true,"_links":{"self":[{"href":"https:\/\/labestiapolitica.com.mx\/index.php?rest_route=\/wp\/v2\/posts\/37071","targetHints":{"allow":["GET"]}}],"collection":[{"href":"https:\/\/labestiapolitica.com.mx\/index.php?rest_route=\/wp\/v2\/posts"}],"about":[{"href":"https:\/\/labestiapolitica.com.mx\/index.php?rest_route=\/wp\/v2\/types\/post"}],"author":[{"embeddable":true,"href":"https:\/\/labestiapolitica.com.mx\/index.php?rest_route=\/wp\/v2\/users\/3"}],"replies":[{"embeddable":true,"href":"https:\/\/labestiapolitica.com.mx\/index.php?rest_route=%2Fwp%2Fv2%2Fcomments&post=37071"}],"version-history":[{"count":2,"href":"https:\/\/labestiapolitica.com.mx\/index.php?rest_route=\/wp\/v2\/posts\/37071\/revisions"}],"predecessor-version":[{"id":37078,"href":"https:\/\/labestiapolitica.com.mx\/index.php?rest_route=\/wp\/v2\/posts\/37071\/revisions\/37078"}],"wp:featuredmedia":[{"embeddable":true,"href":"https:\/\/labestiapolitica.com.mx\/index.php?rest_route=\/wp\/v2\/media\/37074"}],"wp:attachment":[{"href":"https:\/\/labestiapolitica.com.mx\/index.php?rest_route=%2Fwp%2Fv2%2Fmedia&parent=37071"}],"wp:term":[{"taxonomy":"category","embeddable":true,"href":"https:\/\/labestiapolitica.com.mx\/index.php?rest_route=%2Fwp%2Fv2%2Fcategories&post=37071"},{"taxonomy":"post_tag","embeddable":true,"href":"https:\/\/labestiapolitica.com.mx\/index.php?rest_route=%2Fwp%2Fv2%2Ftags&post=37071"}],"curies":[{"name":"wp","href":"https:\/\/api.w.org\/{rel}","templated":true}]}}