{"id":37101,"date":"2025-02-12T15:43:35","date_gmt":"2025-02-12T21:43:35","guid":{"rendered":"https:\/\/labestiapolitica.com.mx\/?p=37101"},"modified":"2025-02-12T15:43:35","modified_gmt":"2025-02-12T21:43:35","slug":"%f0%9f%9a%a8-detencion-en-operativo-de-vigilancia-en-huamantla-%f0%9f%9a%94","status":"publish","type":"post","link":"https:\/\/labestiapolitica.com.mx\/?p=37101","title":{"rendered":"\ud83d\udea8 Detenci\u00f3n en Operativo de Vigilancia en Huamantla \ud83d\ude94"},"content":{"rendered":"<p style=\"text-align: justify;\" data-start=\"61\" data-end=\"314\">Como parte de los constantes operativos de seguridad, este lunes, elementos de la <strong data-start=\"143\" data-end=\"177\">Polic\u00eda Municipal de Huamantla<\/strong> detuvieron a <strong data-start=\"191\" data-end=\"205\">Mart\u00edn \u201cN\u201d<\/strong> y <strong data-start=\"208\" data-end=\"224\">Jonathan \u201cN\u201d<\/strong> en el pueblo de <strong data-start=\"241\" data-end=\"258\">Benito Ju\u00e1rez<\/strong>, por consumir sustancias nocivas en lugares p\u00fablicos.<\/p>\n<p style=\"text-align: justify;\" data-start=\"316\" data-end=\"502\">Ambos fueron remitidos a la <strong data-start=\"344\" data-end=\"365\">Unidad Preventiva<\/strong>, donde se iniciaron los protocolos para su disposici\u00f3n ante las autoridades correspondientes, quienes determinar\u00e1n su situaci\u00f3n legal.<\/p>\n<p style=\"text-align: justify;\" data-start=\"504\" data-end=\"810\">La detenci\u00f3n fue realizada luego de que los oficiales detectaran actitud sospechosa y llevaran a cabo una revisi\u00f3n preventiva, encontrando las sustancias prohibidas. Este tipo de medidas contribuye a reducir la circulaci\u00f3n de sustancias nocivas que ponen en riesgo la salud y seguridad de los habitantes.<\/p>\n<p style=\"text-align: justify;\" data-start=\"812\" data-end=\"855\" data-is-last-node=\"\">#PorAmorAHuamantla #Huamantla #Seguridad \ud83d\ude94<\/p>\n","protected":false},"excerpt":{"rendered":"<p>Como parte de los constantes operativos de seguridad, este lunes, elementos de la Polic\u00eda Municipal de Huamantla detuvieron a Mart\u00edn \u201cN\u201d y Jonathan \u201cN\u201d en el pueblo de Benito Ju\u00e1rez, por consumir sustancias nocivas en lugares p\u00fablicos. Ambos fueron remitidos a la Unidad Preventiva, donde se iniciaron los protocolos para su disposici\u00f3n ante las autoridades [&hellip;]<\/p>\n","protected":false},"author":3,"featured_media":37102,"comment_status":"open","ping_status":"open","sticky":false,"template":"","format":"standard","meta":{"footnotes":""},"categories":[12,216],"tags":[],"class_list":["post-37101","post","type-post","status-publish","format-standard","has-post-thumbnail","hentry","category-brujula-2026","category-municipios"],"amp_enabled":true,"_links":{"self":[{"href":"https:\/\/labestiapolitica.com.mx\/index.php?rest_route=\/wp\/v2\/posts\/37101","targetHints":{"allow":["GET"]}}],"collection":[{"href":"https:\/\/labestiapolitica.com.mx\/index.php?rest_route=\/wp\/v2\/posts"}],"about":[{"href":"https:\/\/labestiapolitica.com.mx\/index.php?rest_route=\/wp\/v2\/types\/post"}],"author":[{"embeddable":true,"href":"https:\/\/labestiapolitica.com.mx\/index.php?rest_route=\/wp\/v2\/users\/3"}],"replies":[{"embeddable":true,"href":"https:\/\/labestiapolitica.com.mx\/index.php?rest_route=%2Fwp%2Fv2%2Fcomments&post=37101"}],"version-history":[{"count":1,"href":"https:\/\/labestiapolitica.com.mx\/index.php?rest_route=\/wp\/v2\/posts\/37101\/revisions"}],"predecessor-version":[{"id":37103,"href":"https:\/\/labestiapolitica.com.mx\/index.php?rest_route=\/wp\/v2\/posts\/37101\/revisions\/37103"}],"wp:featuredmedia":[{"embeddable":true,"href":"https:\/\/labestiapolitica.com.mx\/index.php?rest_route=\/wp\/v2\/media\/37102"}],"wp:attachment":[{"href":"https:\/\/labestiapolitica.com.mx\/index.php?rest_route=%2Fwp%2Fv2%2Fmedia&parent=37101"}],"wp:term":[{"taxonomy":"category","embeddable":true,"href":"https:\/\/labestiapolitica.com.mx\/index.php?rest_route=%2Fwp%2Fv2%2Fcategories&post=37101"},{"taxonomy":"post_tag","embeddable":true,"href":"https:\/\/labestiapolitica.com.mx\/index.php?rest_route=%2Fwp%2Fv2%2Ftags&post=37101"}],"curies":[{"name":"wp","href":"https:\/\/api.w.org\/{rel}","templated":true}]}}