{"id":37105,"date":"2025-02-12T16:29:45","date_gmt":"2025-02-12T22:29:45","guid":{"rendered":"https:\/\/labestiapolitica.com.mx\/?p=37105"},"modified":"2025-02-12T16:29:45","modified_gmt":"2025-02-12T22:29:45","slug":"zacatelco-impulsa-la-inclusion-con-la-1era-carrera-de-personas-con-discapacidad","status":"publish","type":"post","link":"https:\/\/labestiapolitica.com.mx\/?p=37105","title":{"rendered":"Zacatelco impulsa la inclusi\u00f3n con la 1era. Carrera de Personas con Discapacidad."},"content":{"rendered":"<p style=\"text-align: justify;\">El Gobierno Municipal de Zacatelco, encabezado por el presidente Jos\u00e9 Miguel Acatzi Luna, a trav\u00e9s del Instituto Municipal de Atenci\u00f3n a Personas con Discapacidad, llev\u00f3 a cabo la primera \u00abCarrera de Inclusi\u00f3n\u00bb, en la que participaron m\u00e1s de 120 personas en una jornada repleta de convivencia y alegr\u00eda.<\/p>\n<p style=\"text-align: justify;\">El recorrido dio inicio en la plazuela municipal de Zacatelco, donde el presidente Acatzi Luna ofreci\u00f3 un mensaje de aliento a los concursantes. Adem\u00e1s, reafirm\u00f3 el compromiso de colaboraci\u00f3n con el titular del Instituto Josu\u00e9 M\u00e9ndez Gonz\u00e1lez, para continuar impulsando estas iniciativas y mejorar la calidad de vida de las personas con discapacidad.<\/p>\n<p style=\"text-align: justify;\">La organizaci\u00f3n del evento estuvo a cargo del Sistema Municipal para el Desarrollo Integral de la Familia (SMDIF), con la participaci\u00f3n de la Unidad B\u00e1sica de Rehabilitaci\u00f3n (UBR) y el Centro de Atenci\u00f3n M\u00faltiple 01 de Zacatelco (CAM). Juntos, promovieron la inclusi\u00f3n y el acceso a actividades recreativas para los sectores m\u00e1s vulnerables. Tambi\u00e9n se visitaron las instalaciones del Centro de Bienestar Social (CEBIS) y el Hospital Comunitario del IMSS-BIENESTAR, integr\u00e1ndose a esta gran celebraci\u00f3n.<\/p>\n<p style=\"text-align: justify;\">El CEBIS recibi\u00f3 a todos los asistentes con la tradicional bebida de cacao. La directora Beatriz Empedrado, ofreci\u00f3 a los participantes un aperitivo para rehidratarlos, as\u00ed como la oportunidad de conocer los cursos y talleres gratuitos que se ofrecen a toda la poblaci\u00f3n, sin importar la edad.<\/p>\n<p style=\"text-align: justify;\">Durante la visita a los diferentes puntos, la Presidenta Honor\u00edfica del DIF Natali Chamorro Garz\u00f3n, organiz\u00f3 con el apoyo de todo el personal del DIF, la UBR y el Instituto de Atenci\u00f3n a Personas con Discapacidad, concursos y sorteos, fortaleciendo el esp\u00edritu comunitario. Se agradeci\u00f3 al CAM 01 por su participaci\u00f3n con los m\u00e1s peque\u00f1os y se les invit\u00f3 a unirse a estas actividades en beneficio de este sector.<\/p>\n<p style=\"text-align: justify;\">Al llegar al DIF municipal, el equipo proporcion\u00f3 un lunch y agua a los participantes, quienes continuaron la carrera recorriendo las principales calles del municipio. En el Hospital Comunitario el Director Jos\u00e9 Antonio Ruiz Ca\u00f1izales, junto con el personal m\u00e9dico, recibi\u00f3 a los ni\u00f1os, instalando una meta que incentiv\u00f3 su esfuerzo. Adem\u00e1s, desde el \u00e1rea de programas preventivos, la Lic. Malleli ofreci\u00f3 informaci\u00f3n sobre las primeras se\u00f1ales de enfermedades y la importancia de tratarlas a tiempo.<\/p>\n<p style=\"text-align: justify;\">El recorrido finaliz\u00f3 en las instalaciones de la UBR, donde se llev\u00f3 a cabo una convivencia para los ni\u00f1os y padres que participaron, y se les brind\u00f3 informaci\u00f3n sobre los programas y beneficios disponibles a trav\u00e9s del instituto.<\/p>\n<p style=\"text-align: justify;\">Con estas acciones, el Gobierno Municipal reafirma su compromiso de construir un Zacatelco m\u00e1s inclusivo, donde todos los sectores reciban la misma atenci\u00f3n y apoyo, elevando as\u00ed su calidad de vida.<\/p>\n","protected":false},"excerpt":{"rendered":"<p>El Gobierno Municipal de Zacatelco, encabezado por el presidente Jos\u00e9 Miguel Acatzi Luna, a trav\u00e9s del Instituto Municipal de Atenci\u00f3n a Personas con Discapacidad, llev\u00f3 a cabo la primera \u00abCarrera de Inclusi\u00f3n\u00bb, en la que participaron m\u00e1s de 120 personas en una jornada repleta de convivencia y alegr\u00eda. El recorrido dio inicio en la plazuela [&hellip;]<\/p>\n","protected":false},"author":3,"featured_media":37106,"comment_status":"open","ping_status":"open","sticky":false,"template":"","format":"standard","meta":{"footnotes":""},"categories":[7,216,217],"tags":[],"class_list":["post-37105","post","type-post","status-publish","format-standard","has-post-thumbnail","hentry","category-ciudadanos","category-municipios","category-zacatelco"],"amp_enabled":true,"_links":{"self":[{"href":"https:\/\/labestiapolitica.com.mx\/index.php?rest_route=\/wp\/v2\/posts\/37105","targetHints":{"allow":["GET"]}}],"collection":[{"href":"https:\/\/labestiapolitica.com.mx\/index.php?rest_route=\/wp\/v2\/posts"}],"about":[{"href":"https:\/\/labestiapolitica.com.mx\/index.php?rest_route=\/wp\/v2\/types\/post"}],"author":[{"embeddable":true,"href":"https:\/\/labestiapolitica.com.mx\/index.php?rest_route=\/wp\/v2\/users\/3"}],"replies":[{"embeddable":true,"href":"https:\/\/labestiapolitica.com.mx\/index.php?rest_route=%2Fwp%2Fv2%2Fcomments&post=37105"}],"version-history":[{"count":1,"href":"https:\/\/labestiapolitica.com.mx\/index.php?rest_route=\/wp\/v2\/posts\/37105\/revisions"}],"predecessor-version":[{"id":37107,"href":"https:\/\/labestiapolitica.com.mx\/index.php?rest_route=\/wp\/v2\/posts\/37105\/revisions\/37107"}],"wp:featuredmedia":[{"embeddable":true,"href":"https:\/\/labestiapolitica.com.mx\/index.php?rest_route=\/wp\/v2\/media\/37106"}],"wp:attachment":[{"href":"https:\/\/labestiapolitica.com.mx\/index.php?rest_route=%2Fwp%2Fv2%2Fmedia&parent=37105"}],"wp:term":[{"taxonomy":"category","embeddable":true,"href":"https:\/\/labestiapolitica.com.mx\/index.php?rest_route=%2Fwp%2Fv2%2Fcategories&post=37105"},{"taxonomy":"post_tag","embeddable":true,"href":"https:\/\/labestiapolitica.com.mx\/index.php?rest_route=%2Fwp%2Fv2%2Ftags&post=37105"}],"curies":[{"name":"wp","href":"https:\/\/api.w.org\/{rel}","templated":true}]}}