{"id":37346,"date":"2025-02-17T12:02:24","date_gmt":"2025-02-17T18:02:24","guid":{"rendered":"https:\/\/labestiapolitica.com.mx\/?p=37346"},"modified":"2025-02-17T12:02:24","modified_gmt":"2025-02-17T18:02:24","slug":"entrego-cedht-el-distintivo-escuela-comprometida-con-los-derechos-humanos-al-cejulu","status":"publish","type":"post","link":"https:\/\/labestiapolitica.com.mx\/?p=37346","title":{"rendered":"Entreg\u00f3 CEDHT el distintivo \u201cEscuela comprometida con los derechos humanos\u201d al CEJULU."},"content":{"rendered":"<p style=\"text-align: justify;\"><i><span data-contrast=\"auto\">El organismo aut\u00f3nomo invita a instituciones educativas p\u00fablicas y privadas a participar para obtener este reconocimiento<\/span><\/i><span data-ccp-props=\"{}\">\u00a0<\/span><\/p>\n<p style=\"text-align: justify;\"><span data-contrast=\"auto\">La Comisi\u00f3n Estatal de Derechos Humanos de Tlaxcala (CEDHT) otorg\u00f3 el Distintivo \u201cEscuela comprometida con los derechos humanos\u201d al Centro Educativo \u201cJuan Luna Molina (Cejulu).<\/span><span data-ccp-props=\"{&quot;335551550&quot;:6,&quot;335551620&quot;:6}\">\u00a0<\/span><\/p>\n<p style=\"text-align: justify;\"><span data-contrast=\"auto\">La Ombudsperson, Jakqueline Ordo\u00f1ez Brasdefer, se\u00f1al\u00f3 que el distintivo es un reconocimiento a las instituciones educativas que han asumido el compromiso de integrar los derechos humanos en su cultura organizacional, en sus pr\u00e1cticas pedag\u00f3gicas y en su convivencia escolar.\u00a0<\/span><span data-ccp-props=\"{&quot;201341983&quot;:0,&quot;335551550&quot;:6,&quot;335551620&quot;:6,&quot;335559740&quot;:276}\">\u00a0<\/span><\/p>\n<p style=\"text-align: justify;\"><span data-contrast=\"auto\">A\u00f1adi\u00f3 que, de esa manera, se plasma un testimonio del esfuerzo conjunto de toda la comunidad educativa por construir espacios de aprendizaje seguros, inclusivos y libres de discriminaci\u00f3n.<\/span><span data-ccp-props=\"{&quot;201341983&quot;:0,&quot;335551550&quot;:6,&quot;335551620&quot;:6,&quot;335559740&quot;:276}\">\u00a0<\/span><\/p>\n<p style=\"text-align: justify;\"><span data-contrast=\"auto\">Conmin\u00f3 al Cejulu a mantener un compromiso sostenido con la evaluaci\u00f3n continua y la implementaci\u00f3n de mecanismos de monitoreo y evaluaci\u00f3n, ampliar los programas de capacitaci\u00f3n y sensibilizaci\u00f3n para docentes, personal administrativo y familias y promover la inclusi\u00f3n comunitaria.<\/span><span data-ccp-props=\"{&quot;201341983&quot;:0,&quot;335551550&quot;:6,&quot;335551620&quot;:6,&quot;335559740&quot;:276}\">\u00a0<\/span><\/p>\n<p style=\"text-align: justify;\"><span data-contrast=\"auto\">El distintivo fue recibido por la directora de la escuela Maril\u00fa Reyes Ch\u00e1vez, quien estuvo acompa\u00f1ada por personal docente, administrativo, madres y padres de familia y parte del alumnado del Cejulu.<\/span><span data-ccp-props=\"{&quot;335551550&quot;:6,&quot;335551620&quot;:6}\">\u00a0<\/span><\/p>\n<p style=\"text-align: justify;\"><span data-contrast=\"auto\">La Comisi\u00f3n ha puesto en marcha el Distintivo Escuela Comprometida con los Derechos Humanos, y, a la fecha est\u00e1n en tr\u00e1mite 26 escuelas, 3 del nivel primaria, 3 de secundaria, 17 de nivel medio superior y 3 de nivel superior y la convocatoria est\u00e1 abierta para cualquier instituci\u00f3n interesada en obtenerlo.<\/span><span data-ccp-props=\"{&quot;335551550&quot;:6,&quot;335551620&quot;:6}\">\u00a0<\/span><\/p>\n","protected":false},"excerpt":{"rendered":"<p>El organismo aut\u00f3nomo invita a instituciones educativas p\u00fablicas y privadas a participar para obtener este reconocimiento\u00a0 La Comisi\u00f3n Estatal de Derechos Humanos de Tlaxcala (CEDHT) otorg\u00f3 el Distintivo \u201cEscuela comprometida con los derechos humanos\u201d al Centro Educativo \u201cJuan Luna Molina (Cejulu).\u00a0 La Ombudsperson, Jakqueline Ordo\u00f1ez Brasdefer, se\u00f1al\u00f3 que el distintivo es un reconocimiento a las [&hellip;]<\/p>\n","protected":false},"author":3,"featured_media":37347,"comment_status":"open","ping_status":"open","sticky":false,"template":"","format":"standard","meta":{"footnotes":""},"categories":[12],"tags":[],"class_list":["post-37346","post","type-post","status-publish","format-standard","has-post-thumbnail","hentry","category-brujula-2026"],"amp_enabled":true,"_links":{"self":[{"href":"https:\/\/labestiapolitica.com.mx\/index.php?rest_route=\/wp\/v2\/posts\/37346","targetHints":{"allow":["GET"]}}],"collection":[{"href":"https:\/\/labestiapolitica.com.mx\/index.php?rest_route=\/wp\/v2\/posts"}],"about":[{"href":"https:\/\/labestiapolitica.com.mx\/index.php?rest_route=\/wp\/v2\/types\/post"}],"author":[{"embeddable":true,"href":"https:\/\/labestiapolitica.com.mx\/index.php?rest_route=\/wp\/v2\/users\/3"}],"replies":[{"embeddable":true,"href":"https:\/\/labestiapolitica.com.mx\/index.php?rest_route=%2Fwp%2Fv2%2Fcomments&post=37346"}],"version-history":[{"count":1,"href":"https:\/\/labestiapolitica.com.mx\/index.php?rest_route=\/wp\/v2\/posts\/37346\/revisions"}],"predecessor-version":[{"id":37348,"href":"https:\/\/labestiapolitica.com.mx\/index.php?rest_route=\/wp\/v2\/posts\/37346\/revisions\/37348"}],"wp:featuredmedia":[{"embeddable":true,"href":"https:\/\/labestiapolitica.com.mx\/index.php?rest_route=\/wp\/v2\/media\/37347"}],"wp:attachment":[{"href":"https:\/\/labestiapolitica.com.mx\/index.php?rest_route=%2Fwp%2Fv2%2Fmedia&parent=37346"}],"wp:term":[{"taxonomy":"category","embeddable":true,"href":"https:\/\/labestiapolitica.com.mx\/index.php?rest_route=%2Fwp%2Fv2%2Fcategories&post=37346"},{"taxonomy":"post_tag","embeddable":true,"href":"https:\/\/labestiapolitica.com.mx\/index.php?rest_route=%2Fwp%2Fv2%2Ftags&post=37346"}],"curies":[{"name":"wp","href":"https:\/\/api.w.org\/{rel}","templated":true}]}}