{"id":37379,"date":"2025-02-17T17:26:59","date_gmt":"2025-02-17T23:26:59","guid":{"rendered":"https:\/\/labestiapolitica.com.mx\/?p=37379"},"modified":"2025-02-20T21:57:34","modified_gmt":"2025-02-21T03:57:34","slug":"conmemoran-autoridades-de-tlaltelulco-lxxvii-aniversario-luctuoso-del-ex-gobernador-mauro-angulo","status":"publish","type":"post","link":"https:\/\/labestiapolitica.com.mx\/?p=37379","title":{"rendered":"Conmemoran autoridades de #Tlaltelulco  LXXVII aniversario luctuoso del ex gobernador \u201cMauro Angulo\u00bb"},"content":{"rendered":"<p style=\"text-align: justify;\">Mauro Angulo fue un hombre que crey\u00f3 en el poder del Derecho y de la Ley como herramientas fundamentales para el Progreso y la Justicia Social: Roc\u00edo Mel\u00e9ndez Pluma.<br \/>\nLos integrantes del H. Ayuntamiento de La Magdalena Tlaltelulco, rindieron honores al ex Gobernador del Estado de Tlaxcala, Lic. Mauro Angulo Hern\u00e1ndez, en su LXXVII Aniversario Luctuoso, en el que la alcaldesa, Roc\u00edo Mel\u00e9ndez Pluma, reconoci\u00f3 sus aportaciones en la Revoluci\u00f3n Mexicana desde de Tlaxcala, as\u00ed como su carrera pol\u00edtica que enalteci\u00f3 a su municipio natal.<br \/>\n\u201cMauro Angulo Hern\u00e1ndez fue un hombre que crey\u00f3 en el poder del Derecho y de la Ley como herramientas fundamentales para el Progreso y la Justicia Social. Su vida y obra son testimonio del amor a su tierra, Tlaxcala, y de su entrega al bienestar colectivo de M\u00e9xico. Hoy lo recordamos con respeto y admiraci\u00f3n, reconociendo que su vida fue de profundo impacto en la historia de nuestro municipio\u201d, destac\u00f3 la primera presidenta municipal de La Magdalena Tlaltelulco.<br \/>\nComo se recordar\u00e1, Mauro Angulo Hern\u00e1ndez, es reconocido como el hijo pr\u00f3digo de La Magdalena Tlaltelulco: sus estudios b\u00e1sicos los realiz\u00f3 en su municipio natal, para seguir sus estudios de derecho en el Estado de Puebla, brindando una carrera ascendente en los Juzgados Penales y Civiles hasta llegar a ser Procurador General de Justicia en el vecino Estado.<br \/>\nDurante la Revoluci\u00f3n Mexicana fue asesor Miliar de la brigada \u201cLeales de Tlaxcala\u201d cuyo jefe fue el general M\u00e1ximo Rojas; fue varias veces Diputado Federal; secretario de Gobierno en San Luis Potos\u00ed; Senador de la Rep\u00fablica y Gobernador Constitucional interino del estado de Tlaxcala de 1944 a enero de 1945.<br \/>\nSiendo nuevamente Senador de la Rep\u00fablica en 1946 pero fue asesinado el 17 de febrero de 1948 al salir de la alberca \u201cArag\u00f3n\u201d en la ciudad de M\u00e9xico por los criminales hermanos \u201cIzquierdo Ebrad.<br \/>\nPosterior al acto realizado en el sepulcro que guardan sus restos, la presidenta municipal acudi\u00f3 a la conmemoraci\u00f3n c\u00edvica realizada por la escuela Primaria \u201cLic. Mauro Angulo\u201d.<\/p>\n","protected":false},"excerpt":{"rendered":"<p>Mauro Angulo fue un hombre que crey\u00f3 en el poder del Derecho y de la Ley como herramientas fundamentales para el Progreso y la Justicia Social: Roc\u00edo Mel\u00e9ndez Pluma. Los integrantes del H. Ayuntamiento de La Magdalena Tlaltelulco, rindieron honores al ex Gobernador del Estado de Tlaxcala, Lic. Mauro Angulo Hern\u00e1ndez, en su LXXVII Aniversario [&hellip;]<\/p>\n","protected":false},"author":3,"featured_media":37380,"comment_status":"open","ping_status":"open","sticky":false,"template":"","format":"standard","meta":{"footnotes":""},"categories":[12,218,216],"tags":[],"class_list":["post-37379","post","type-post","status-publish","format-standard","has-post-thumbnail","hentry","category-brujula-2026","category-la-magdalena-tlaltelulco","category-municipios"],"amp_enabled":true,"_links":{"self":[{"href":"https:\/\/labestiapolitica.com.mx\/index.php?rest_route=\/wp\/v2\/posts\/37379","targetHints":{"allow":["GET"]}}],"collection":[{"href":"https:\/\/labestiapolitica.com.mx\/index.php?rest_route=\/wp\/v2\/posts"}],"about":[{"href":"https:\/\/labestiapolitica.com.mx\/index.php?rest_route=\/wp\/v2\/types\/post"}],"author":[{"embeddable":true,"href":"https:\/\/labestiapolitica.com.mx\/index.php?rest_route=\/wp\/v2\/users\/3"}],"replies":[{"embeddable":true,"href":"https:\/\/labestiapolitica.com.mx\/index.php?rest_route=%2Fwp%2Fv2%2Fcomments&post=37379"}],"version-history":[{"count":1,"href":"https:\/\/labestiapolitica.com.mx\/index.php?rest_route=\/wp\/v2\/posts\/37379\/revisions"}],"predecessor-version":[{"id":37381,"href":"https:\/\/labestiapolitica.com.mx\/index.php?rest_route=\/wp\/v2\/posts\/37379\/revisions\/37381"}],"wp:featuredmedia":[{"embeddable":true,"href":"https:\/\/labestiapolitica.com.mx\/index.php?rest_route=\/wp\/v2\/media\/37380"}],"wp:attachment":[{"href":"https:\/\/labestiapolitica.com.mx\/index.php?rest_route=%2Fwp%2Fv2%2Fmedia&parent=37379"}],"wp:term":[{"taxonomy":"category","embeddable":true,"href":"https:\/\/labestiapolitica.com.mx\/index.php?rest_route=%2Fwp%2Fv2%2Fcategories&post=37379"},{"taxonomy":"post_tag","embeddable":true,"href":"https:\/\/labestiapolitica.com.mx\/index.php?rest_route=%2Fwp%2Fv2%2Ftags&post=37379"}],"curies":[{"name":"wp","href":"https:\/\/api.w.org\/{rel}","templated":true}]}}