{"id":37382,"date":"2025-02-17T17:41:17","date_gmt":"2025-02-17T23:41:17","guid":{"rendered":"https:\/\/labestiapolitica.com.mx\/?p=37382"},"modified":"2025-02-20T21:57:19","modified_gmt":"2025-02-21T03:57:19","slug":"inauguran-presidente-alfonso-sanchez-y-gobernadora-lorena-cuellar-unidad-de-bienestar-para-tu-salud-en-tlaxcala","status":"publish","type":"post","link":"https:\/\/labestiapolitica.com.mx\/?p=37382","title":{"rendered":"Inauguran presidente Alfonso S\u00e1nchez y gobernadora Lorena Cu\u00e9llar Unidad de Bienestar para tu Salud en Tlaxcala"},"content":{"rendered":"<p style=\"text-align: justify;\">\u2022 La unidad n\u00famero 15 en la entidad brindar\u00e1 servicios de salud gratuitos a 15 mil habitantes del municipio<\/p>\n<p style=\"text-align: justify;\">\u2022 \u201cLograr la erradicaci\u00f3n de la pobreza en el municipio es posible si llevamos servicios y derechos a quienes m\u00e1s lo necesitan\u201d destac\u00f3 el alcalde<\/p>\n<p style=\"text-align: justify;\">El presidente municipal de Tlaxcala, Alfonso S\u00e1nchez Garc\u00eda y la gobernadora del Estado, Lorena Cu\u00e9llar Cisneros, inauguraron la Cl\u00ednica del Bienestar para tu Salud n\u00famero 15 en la entidad, que se encuentra ubicada en la capital tlaxcalteca.<\/p>\n<p style=\"text-align: justify;\">Esta nueva cl\u00ednica, brindar\u00e1 atenci\u00f3n m\u00e9dica gratuita a cerca de 15 mil habitantes del municipio que no cuentan con seguridad social, garantizando el acceso a servicios de salud de calidad para los sectores m\u00e1s vulnerables.<\/p>\n<p style=\"text-align: justify;\">Con la llegada de esta unidad al municipio, refiri\u00f3 el alcalde Alfonso S\u00e1nchez, se cumple el compromiso de llevar servicios y derechos a las y los habitantes que m\u00e1s lo necesitan.<\/p>\n<p style=\"text-align: justify;\">Se\u00f1al\u00f3 que, adem\u00e1s de estas acciones, el gobierno municipal impulsa una s\u00f3lida estrategia interinstitucional para erradicar la pobreza extrema en 29 zonas de atenci\u00f3n prioritaria, a trav\u00e9s del programa \u201cJuntos por el Bien de Todos\u201d.<\/p>\n<p style=\"text-align: justify;\">\u201cHemos puesto en marcha la estrategia Juntos por el Bien de Todos. Esta consiste en hacer jornadas de bienestar en donde nos coordinamos con los tres \u00f3rdenes de gobierno para llegar juntos hasta las personas que m\u00e1s necesitan de apoyos para salir adelante\u201d, remarc\u00f3 en su mensaje.<\/p>\n<p style=\"text-align: justify;\">Asimismo, expres\u00f3 su profundo agradecimiento al Gobierno del Estado, encabezado por la mandataria Lorena Cu\u00e9llar Cisneros y destac\u00f3 que gracias al trabajo coordinado y en sinergia con los gobiernos estatal y federal, \u201cpodemos hacer realidad la erradicaci\u00f3n de la pobreza desde un gobierno humanista\u201d.<\/p>\n<p style=\"text-align: justify;\">La gobernadora Lorena Cu\u00e9llar Cisneros resalt\u00f3 la estrecha colaboraci\u00f3n con el Ayuntamiento de Tlaxcala, encabezado por Alfonso S\u00e1nchez, para impulsar proyectos estrat\u00e9gicos que fortalezcan el desarrollo y eleven la calidad de vida de los habitantes de la capital.<\/p>\n<p style=\"text-align: justify;\">\u201cEstamos muy contentos, vamos a apoyar a su presidente municipal en muchas acciones, en muchas obras, que sabe que lo vamos a acompa\u00f1ar en todo momento y que estoy muy contenta de estar aqu\u00ed en Tlaxcala\u201d, expres\u00f3 la mandataria.<\/p>\n<p style=\"text-align: justify;\">De igual forma, Cu\u00e9llar Cisneros adelant\u00f3 que pr\u00f3ximamente, tambi\u00e9n en el municipio capitalino, se abrir\u00e1 una unidad de Bienestar para tu Nutrici\u00f3n, la cual abonar\u00e1 al combate a la pobreza alimentaria y refrendar\u00e1 el compromiso de los tres niveles de gobierno con el bienestar integral de la poblaci\u00f3n.<\/p>\n<p style=\"text-align: justify;\">Por su parte, la presidenta honor\u00edfica del Comit\u00e9 Consultivo de Bienestar y Desarrollo Social del Estado de Tlaxcala, Fernanda Espinosa de los Monteros Cu\u00e9llar, destac\u00f3 que esta Unidad de Bienestar para tu Salud es la primera en la entidad que cuenta con atenci\u00f3n psicol\u00f3gica gratuita e invit\u00f3 a las personas a asistir a esta unidad y utilizar los servicios que otorga.<\/p>\n<p style=\"text-align: justify;\">Durante el acto protocolario, las autoridades entregaron tarjetas de afiliaci\u00f3n a beneficiarios de este programa y realizaron un recorrido por las instalaciones de esta unidad, que llega para fortalecer la cobertura de servicios m\u00e9dicos gratuitos para los habitantes de las 11 comunidades y siete delegaciones del municipio de Tlaxcala y zonas aleda\u00f1as.<\/p>\n<p style=\"text-align: justify;\">Este importante avance en materia de salud ha sido posible gracias a la gesti\u00f3n puntual del presidente municipal Alfonso S\u00e1nchez Garc\u00eda en coordinaci\u00f3n con el Gobierno Estatal y la Secretar\u00eda de Bienestar Estatal.<\/p>\n","protected":false},"excerpt":{"rendered":"<p>\u2022 La unidad n\u00famero 15 en la entidad brindar\u00e1 servicios de salud gratuitos a 15 mil habitantes del municipio \u2022 \u201cLograr la erradicaci\u00f3n de la pobreza en el municipio es posible si llevamos servicios y derechos a quienes m\u00e1s lo necesitan\u201d destac\u00f3 el alcalde El presidente municipal de Tlaxcala, Alfonso S\u00e1nchez Garc\u00eda y la gobernadora [&hellip;]<\/p>\n","protected":false},"author":3,"featured_media":37383,"comment_status":"open","ping_status":"open","sticky":false,"template":"","format":"standard","meta":{"footnotes":""},"categories":[12,216,214],"tags":[],"class_list":["post-37382","post","type-post","status-publish","format-standard","has-post-thumbnail","hentry","category-brujula-2026","category-municipios","category-tlaxcala-capital"],"amp_enabled":true,"_links":{"self":[{"href":"https:\/\/labestiapolitica.com.mx\/index.php?rest_route=\/wp\/v2\/posts\/37382","targetHints":{"allow":["GET"]}}],"collection":[{"href":"https:\/\/labestiapolitica.com.mx\/index.php?rest_route=\/wp\/v2\/posts"}],"about":[{"href":"https:\/\/labestiapolitica.com.mx\/index.php?rest_route=\/wp\/v2\/types\/post"}],"author":[{"embeddable":true,"href":"https:\/\/labestiapolitica.com.mx\/index.php?rest_route=\/wp\/v2\/users\/3"}],"replies":[{"embeddable":true,"href":"https:\/\/labestiapolitica.com.mx\/index.php?rest_route=%2Fwp%2Fv2%2Fcomments&post=37382"}],"version-history":[{"count":1,"href":"https:\/\/labestiapolitica.com.mx\/index.php?rest_route=\/wp\/v2\/posts\/37382\/revisions"}],"predecessor-version":[{"id":37384,"href":"https:\/\/labestiapolitica.com.mx\/index.php?rest_route=\/wp\/v2\/posts\/37382\/revisions\/37384"}],"wp:featuredmedia":[{"embeddable":true,"href":"https:\/\/labestiapolitica.com.mx\/index.php?rest_route=\/wp\/v2\/media\/37383"}],"wp:attachment":[{"href":"https:\/\/labestiapolitica.com.mx\/index.php?rest_route=%2Fwp%2Fv2%2Fmedia&parent=37382"}],"wp:term":[{"taxonomy":"category","embeddable":true,"href":"https:\/\/labestiapolitica.com.mx\/index.php?rest_route=%2Fwp%2Fv2%2Fcategories&post=37382"},{"taxonomy":"post_tag","embeddable":true,"href":"https:\/\/labestiapolitica.com.mx\/index.php?rest_route=%2Fwp%2Fv2%2Ftags&post=37382"}],"curies":[{"name":"wp","href":"https:\/\/api.w.org\/{rel}","templated":true}]}}