{"id":37385,"date":"2025-02-17T18:21:37","date_gmt":"2025-02-18T00:21:37","guid":{"rendered":"https:\/\/labestiapolitica.com.mx\/?p=37385"},"modified":"2025-03-05T09:13:53","modified_gmt":"2025-03-05T15:13:53","slug":"sedena-ampliara-base-aerea-militar-de-atlangatepec","status":"publish","type":"post","link":"https:\/\/labestiapolitica.com.mx\/?p=37385","title":{"rendered":"#SEDENA ampliar\u00e1 base a\u00e9rea militar de #Atlangatepec"},"content":{"rendered":"<p style=\"text-align: justify;\">*Anuncia el general Mart\u00edn Jaramillo Barrios que la medida busca aliviar el tr\u00e1fico a\u00e9reo militar del AIFA, como parte de los planes estrat\u00e9gicos de la Federaci\u00f3n<\/p>\n<p style=\"text-align: justify;\">La Secretar\u00eda de la Defensa Nacional (Defensa) anunci\u00f3 que entre los proyectos contemplados para el 2025, est\u00e1 la remodelaci\u00f3n y ampliaci\u00f3n de la pista de aterrizaje de la Estaci\u00f3n A\u00e9rea Militar No. 9, ubicada en Atlangatepec, a fin de \u201cconstruir una nueva base a\u00e9rea militar que funcionar\u00e1 como aeropuerto adjunto al Aeropuerto Internacional Felipe \u00c1ngeles (AIFA)\u201d.<\/p>\n<p style=\"text-align: justify;\">El general de Brigada D.E.M Mart\u00edn Jaramillo Barrios, comandante de la 23\/a. Zona Militar, dio a conocer lo anterior durante su participaci\u00f3n en el Informe Anual de Incidencia Delictiva Tlaxcala 2024, que se realiz\u00f3 en el teatro Xicoht\u00e9ncatl.<\/p>\n<p style=\"text-align: justify;\">\u201cEste proyecto busca aliviar el tr\u00e1fico a\u00e9reo militar del AIFA, aline\u00e1ndose a los planes estrat\u00e9gicos del gobierno federal para la aviaci\u00f3n en el centro del pa\u00eds, relacionados con operaciones a\u00e9reas estrat\u00e9gicas, log\u00edsticas y de preparaci\u00f3n para la Parada A\u00e9rea Militar del desfile del 16 de septiembre\u201d.<\/p>\n<p style=\"text-align: justify;\">A\u00f1adi\u00f3 que con esta obra las Fuerzas Armadas incrementar\u00e1n su presencia en el estado de y coadyuvar\u00e1n a la generaci\u00f3n de empleos temporales para la poblaci\u00f3n tlaxcalteca.<\/p>\n<p style=\"text-align: justify;\">En su discurso, destac\u00f3 que con el despliegue del personal militar de la Guardia Nacional se atiende una situaci\u00f3n estrat\u00e9gica en la entidad, con \u00e9nfasis en el \u00e1rea sur, abarcando los municipios colindantes con el estado de Puebla.<\/p>\n<p style=\"text-align: justify;\">Jaramillo Barrios resalt\u00f3 la estrecha coordinaci\u00f3n que se mantiene con las Fiscal\u00edas Generales de la Rep\u00fablica y de Justicia del estado, as\u00ed como las corporaciones policiacas estatal y municipales, en pro de un trabajo conjunto, para \u201ccrear un entorno arm\u00f3nico que contenga el c\u00famulo de seguridades que requiere la sociedad\u201d.<\/p>\n<p style=\"text-align: justify;\">Dijo que \u201cse mantiene un despliegue permanente de nueve Bases de Operaciones por parte de la Guardia Nacional, un despliegue permanente de 22 Bases de Operaciones de la Defensa. Record\u00f3 que se trata de una misi\u00f3n temporal para el fortalecimiento de la seguridad p\u00fablica en el pa\u00eds, asignada a las Fuerzas Armadas.<\/p>\n","protected":false},"excerpt":{"rendered":"<p>*Anuncia el general Mart\u00edn Jaramillo Barrios que la medida busca aliviar el tr\u00e1fico a\u00e9reo militar del AIFA, como parte de los planes estrat\u00e9gicos de la Federaci\u00f3n La Secretar\u00eda de la Defensa Nacional (Defensa) anunci\u00f3 que entre los proyectos contemplados para el 2025, est\u00e1 la remodelaci\u00f3n y ampliaci\u00f3n de la pista de aterrizaje de la Estaci\u00f3n [&hellip;]<\/p>\n","protected":false},"author":3,"featured_media":37389,"comment_status":"open","ping_status":"open","sticky":false,"template":"","format":"standard","meta":{"footnotes":""},"categories":[12,236],"tags":[],"class_list":["post-37385","post","type-post","status-publish","format-standard","has-post-thumbnail","hentry","category-brujula-2026","category-gobierno-de-tlaxcala"],"amp_enabled":true,"_links":{"self":[{"href":"https:\/\/labestiapolitica.com.mx\/index.php?rest_route=\/wp\/v2\/posts\/37385","targetHints":{"allow":["GET"]}}],"collection":[{"href":"https:\/\/labestiapolitica.com.mx\/index.php?rest_route=\/wp\/v2\/posts"}],"about":[{"href":"https:\/\/labestiapolitica.com.mx\/index.php?rest_route=\/wp\/v2\/types\/post"}],"author":[{"embeddable":true,"href":"https:\/\/labestiapolitica.com.mx\/index.php?rest_route=\/wp\/v2\/users\/3"}],"replies":[{"embeddable":true,"href":"https:\/\/labestiapolitica.com.mx\/index.php?rest_route=%2Fwp%2Fv2%2Fcomments&post=37385"}],"version-history":[{"count":1,"href":"https:\/\/labestiapolitica.com.mx\/index.php?rest_route=\/wp\/v2\/posts\/37385\/revisions"}],"predecessor-version":[{"id":37387,"href":"https:\/\/labestiapolitica.com.mx\/index.php?rest_route=\/wp\/v2\/posts\/37385\/revisions\/37387"}],"wp:featuredmedia":[{"embeddable":true,"href":"https:\/\/labestiapolitica.com.mx\/index.php?rest_route=\/wp\/v2\/media\/37389"}],"wp:attachment":[{"href":"https:\/\/labestiapolitica.com.mx\/index.php?rest_route=%2Fwp%2Fv2%2Fmedia&parent=37385"}],"wp:term":[{"taxonomy":"category","embeddable":true,"href":"https:\/\/labestiapolitica.com.mx\/index.php?rest_route=%2Fwp%2Fv2%2Fcategories&post=37385"},{"taxonomy":"post_tag","embeddable":true,"href":"https:\/\/labestiapolitica.com.mx\/index.php?rest_route=%2Fwp%2Fv2%2Ftags&post=37385"}],"curies":[{"name":"wp","href":"https:\/\/api.w.org\/{rel}","templated":true}]}}