{"id":37392,"date":"2025-02-17T18:48:42","date_gmt":"2025-02-18T00:48:42","guid":{"rendered":"https:\/\/labestiapolitica.com.mx\/?p=37392"},"modified":"2025-02-20T21:57:01","modified_gmt":"2025-02-21T03:57:01","slug":"tlaxcala-ocupa-el-primer-lugar-nacional-en-la-reduccion-de-rezago-educativo-lorena-cuellar","status":"publish","type":"post","link":"https:\/\/labestiapolitica.com.mx\/?p=37392","title":{"rendered":"#Tlaxcala ocupa el primer lugar nacional en la reducci\u00f3n de rezago educativo: Lorena Cu\u00e9llar"},"content":{"rendered":"<p>*El Instituto Tlaxcalteca para la Educaci\u00f3n de los Adultos firm\u00f3 un convenio con el instituto nacional para reducir el analfabetismo<\/p>\n<p>La gobernadora Lorena Cu\u00e9llar Cisneros firm\u00f3 un convenio de colaboraci\u00f3n con el Instituto Nacional para la Educaci\u00f3n de los Adultos (INEA), denominado \u201cTlaxcala escribe una Nueva Historia en la Alfabetizaci\u00f3n\u201d, con el objetivo de alcanzar el distintivo de Bandera Blanca en este rubro.<\/p>\n<p>\u201cEsta firma de convenio reafirma mi compromiso de trabajar d\u00eda con d\u00eda por la educaci\u00f3n de los tlaxcaltecas y m\u00e1s por aquellos que por alguna raz\u00f3n en su vida no han tenido las mismas oportunidades; es por eso por lo que vamos a poner nuestro mayor esfuerzo para lograr que podamos hacer historia\u201d, refiri\u00f3.<\/p>\n<p>Cu\u00e9llar Cisneros destac\u00f3 que, durante el 2024, por primera vez en la historia del estado se ocup\u00f3 el primer lugar nacional en reducci\u00f3n del rezago educativo gracias al trabajo realizado en el Instituto Tlaxcalteca para la Educaci\u00f3n de los Adultos (ITEA), el cual super\u00f3 la meta institucional hasta el 148.22 por ciento.<\/p>\n<p>Precis\u00f3 que se cambi\u00f3 la vida de 5 mil 254 mujeres y 4 mil 558 hombres. \u201cMe da mucha alegr\u00eda cambiar la vida de una persona que antes no sab\u00eda leer y escribir, porque cambia su superaci\u00f3n, su trabajo, su forma de vida, su autoestima, poderles llevar la educaci\u00f3n a quienes por alguna raz\u00f3n no la tuvieron en su vida es un compromiso de todos nosotros\u201d.<\/p>\n<p>Durante su intervenci\u00f3n, el director general del INEA, Armando Contreras Castillo, asegur\u00f3 que la educaci\u00f3n y la alfabetizaci\u00f3n son un derecho fundamental que genera justicia, genera paz, igualdad, combate pobreza y mejora la calidad de vida de los pueblos, por ello la importancia de que las autoridades trabajen en el tema.<\/p>\n<p>Indic\u00f3 que \u201cla Organizaci\u00f3n de las Naciones Unidas, a trav\u00e9s de la UNESCO, exige que con menos del 4 por ciento de analfabetismo se puede levantar bandera blanca y Tlaxcala a pesar de tener el 2.9 por ciento Lorena Cu\u00e9llar dice vamos por m\u00e1s, por ello pido un aplauso para la gobernadora\u201d.<\/p>\n<p>Contreras Castillo explic\u00f3 que, a 43 a\u00f1os de haberse creado el INEA, se ha atendido alrededor de 31 millones de mexicanos; sin embargo, el rezago educativo contin\u00faa, pues en M\u00e9xico todav\u00eda existen 4 millones 200 personas que no saben leer y escribir, de ellos 31 mil 450 son de Tlaxcala.<\/p>\n<p>Adem\u00e1s, dijo que 7 millones 800 mil mexicanos no terminaron su primaria y 15 millones y medio no terminaron su secundaria porque no tuvieron la posibilidad de concluir, mientras que en Tlaxcala 252 mil 370 cayeron en el rezago educativo.<\/p>\n<p>En su oportunidad, la directora del ITEA, Michaelle Brito V\u00e1zquez, se\u00f1al\u00f3 que la firma de convenio fue indicaci\u00f3n de la mandataria estatal para el bienestar de los tlaxcaltecas y as\u00ed continuar con la entrega de los mejores resultados para el estado y pa\u00eds en materia educativa.<\/p>\n<p>\u201cPara ambas instancias es prioritario impulsar este proyecto de estrategia de alfabetizaci\u00f3n, que se centra en identificar y brindar atenci\u00f3n educativa a las personas de 15 a\u00f1os y m\u00e1s que se encuentran en condiciones de analfabetismo y para quienes no han podido concluir su educaci\u00f3n b\u00e1sica en nuestra entidad\u201d, acot\u00f3.<\/p>\n<p>Brito V\u00e1zquez agreg\u00f3 que en Tlaxcala el porcentaje de personas analfabetas mayores de 15 a\u00f1os era del 3.2 por ciento en el 2021 y para el a\u00f1o pasado se redujo al 2.9 por ciento lo que representa una reducci\u00f3n del .3 por ciento en el \u00edndice del analfabetismo.<\/p>\n<p>El titular de la Secretar\u00eda de Educaci\u00f3n P\u00fablica del Estado (SEPE), Homero Meneses Hern\u00e1ndez, agradeci\u00f3 a los presidentes municipales quienes se han sumado con esta acci\u00f3n y han firmado convenio con el sector, pues se han logrado 56 de 60 municipios.<\/p>\n<p>\u201cHemos comprometido con las y los presidentes municipales la posibilidad de levantar r\u00e1pidamente bandera blanca en sus demarcaciones, pero quiero decir que no es una estrategia nueva, pero si que la cobertura de la educaci\u00f3n en nuestro estado ha sido impulsada como nunca en la actual administraci\u00f3n\u201d afirm\u00f3.<\/p>\n<p>Por \u00faltimo, Sa\u00fal Espinosa Crist\u00f3bal, beneficiario del ITEA, agradeci\u00f3 el apoyo y los \u00e1nimos que le han dado en la dependencia, pues gracias a esto \u201cme sent\u00ed que me hab\u00eda superado, me sent\u00ed m\u00e1s inteligente y me sent\u00ed muy bien.<\/p>\n","protected":false},"excerpt":{"rendered":"<p>*El Instituto Tlaxcalteca para la Educaci\u00f3n de los Adultos firm\u00f3 un convenio con el instituto nacional para reducir el analfabetismo La gobernadora Lorena Cu\u00e9llar Cisneros firm\u00f3 un convenio de colaboraci\u00f3n con el Instituto Nacional para la Educaci\u00f3n de los Adultos (INEA), denominado \u201cTlaxcala escribe una Nueva Historia en la Alfabetizaci\u00f3n\u201d, con el objetivo de alcanzar [&hellip;]<\/p>\n","protected":false},"author":3,"featured_media":37393,"comment_status":"open","ping_status":"open","sticky":false,"template":"","format":"standard","meta":{"footnotes":""},"categories":[12,236],"tags":[],"class_list":["post-37392","post","type-post","status-publish","format-standard","has-post-thumbnail","hentry","category-brujula-2026","category-gobierno-de-tlaxcala"],"amp_enabled":true,"_links":{"self":[{"href":"https:\/\/labestiapolitica.com.mx\/index.php?rest_route=\/wp\/v2\/posts\/37392","targetHints":{"allow":["GET"]}}],"collection":[{"href":"https:\/\/labestiapolitica.com.mx\/index.php?rest_route=\/wp\/v2\/posts"}],"about":[{"href":"https:\/\/labestiapolitica.com.mx\/index.php?rest_route=\/wp\/v2\/types\/post"}],"author":[{"embeddable":true,"href":"https:\/\/labestiapolitica.com.mx\/index.php?rest_route=\/wp\/v2\/users\/3"}],"replies":[{"embeddable":true,"href":"https:\/\/labestiapolitica.com.mx\/index.php?rest_route=%2Fwp%2Fv2%2Fcomments&post=37392"}],"version-history":[{"count":1,"href":"https:\/\/labestiapolitica.com.mx\/index.php?rest_route=\/wp\/v2\/posts\/37392\/revisions"}],"predecessor-version":[{"id":37394,"href":"https:\/\/labestiapolitica.com.mx\/index.php?rest_route=\/wp\/v2\/posts\/37392\/revisions\/37394"}],"wp:featuredmedia":[{"embeddable":true,"href":"https:\/\/labestiapolitica.com.mx\/index.php?rest_route=\/wp\/v2\/media\/37393"}],"wp:attachment":[{"href":"https:\/\/labestiapolitica.com.mx\/index.php?rest_route=%2Fwp%2Fv2%2Fmedia&parent=37392"}],"wp:term":[{"taxonomy":"category","embeddable":true,"href":"https:\/\/labestiapolitica.com.mx\/index.php?rest_route=%2Fwp%2Fv2%2Fcategories&post=37392"},{"taxonomy":"post_tag","embeddable":true,"href":"https:\/\/labestiapolitica.com.mx\/index.php?rest_route=%2Fwp%2Fv2%2Ftags&post=37392"}],"curies":[{"name":"wp","href":"https:\/\/api.w.org\/{rel}","templated":true}]}}