{"id":37412,"date":"2025-02-18T13:26:48","date_gmt":"2025-02-18T19:26:48","guid":{"rendered":"https:\/\/labestiapolitica.com.mx\/?p=37412"},"modified":"2025-02-18T13:26:48","modified_gmt":"2025-02-18T19:26:48","slug":"el-ayuntamiento-de-panotla-te-invita-a-conmemorar-el-dia-internacional-de-la-mujer","status":"publish","type":"post","link":"https:\/\/labestiapolitica.com.mx\/?p=37412","title":{"rendered":"El ayuntamiento de Panotla te invita a conmemorar el d\u00eda internacional de la mujer"},"content":{"rendered":"<ul>\n<li style=\"text-align: justify;\"><strong>Para conmemorar esta fecha, se extiende una cordial invitaci\u00f3n para unirte a las clases de Zumba en las diferentes comunidades del municipio.<\/strong><\/li>\n<\/ul>\n<p style=\"text-align: justify;\">El Ayuntamiento de Panotla invita a unirte a las clases de Zumba en conmemoraci\u00f3n del D\u00eda Internacional de la Mujer donde se busca promover la inclusi\u00f3n, el bienestar f\u00edsico y la participaci\u00f3n activa de todas las mujeres de Panotla.<\/p>\n<p style=\"text-align: justify;\">Este evento se llevar\u00e1 a cabo en las diferentes comunidades del municipio, dando inicio el pr\u00f3ximo viernes 21 de febrero en la comunidad de San Francisco Temetzontla, 27 de febrero San Ambrosio Texantla, 28 de febrero San Tadeo Huiloapan, 3 de marzo San Mateo Huexoyucan, 7 de marzo Jes\u00fas Acatitla, 10 de marzo San Jorge Tezoquipan, 13 de marzo Santa Catalina Apatlahco y el 14 de marzo colonia Emiliano Zapata.<\/p>\n<p style=\"text-align: justify;\">Las clases comenzar\u00e1n a las 5:00 p.m. y se realizar\u00e1n en las canchas aleda\u00f1as a la presidencia de cada comunidad, con el objetivo de promover el bienestar f\u00edsico de las mujeres del municipio.<\/p>\n<p style=\"text-align: justify;\">Con estas acciones el ayuntamiento refrenda su compromiso con todos los sectores\u00a0del\u00a0municipio.<\/p>\n","protected":false},"excerpt":{"rendered":"<p>Para conmemorar esta fecha, se extiende una cordial invitaci\u00f3n para unirte a las clases de Zumba en las diferentes comunidades del municipio. El Ayuntamiento de Panotla invita a unirte a las clases de Zumba en conmemoraci\u00f3n del D\u00eda Internacional de la Mujer donde se busca promover la inclusi\u00f3n, el bienestar f\u00edsico y la participaci\u00f3n activa [&hellip;]<\/p>\n","protected":false},"author":3,"featured_media":37413,"comment_status":"open","ping_status":"open","sticky":false,"template":"","format":"standard","meta":{"footnotes":""},"categories":[12,216,237],"tags":[],"class_list":["post-37412","post","type-post","status-publish","format-standard","has-post-thumbnail","hentry","category-brujula-2026","category-municipios","category-panotla"],"amp_enabled":true,"_links":{"self":[{"href":"https:\/\/labestiapolitica.com.mx\/index.php?rest_route=\/wp\/v2\/posts\/37412","targetHints":{"allow":["GET"]}}],"collection":[{"href":"https:\/\/labestiapolitica.com.mx\/index.php?rest_route=\/wp\/v2\/posts"}],"about":[{"href":"https:\/\/labestiapolitica.com.mx\/index.php?rest_route=\/wp\/v2\/types\/post"}],"author":[{"embeddable":true,"href":"https:\/\/labestiapolitica.com.mx\/index.php?rest_route=\/wp\/v2\/users\/3"}],"replies":[{"embeddable":true,"href":"https:\/\/labestiapolitica.com.mx\/index.php?rest_route=%2Fwp%2Fv2%2Fcomments&post=37412"}],"version-history":[{"count":1,"href":"https:\/\/labestiapolitica.com.mx\/index.php?rest_route=\/wp\/v2\/posts\/37412\/revisions"}],"predecessor-version":[{"id":37414,"href":"https:\/\/labestiapolitica.com.mx\/index.php?rest_route=\/wp\/v2\/posts\/37412\/revisions\/37414"}],"wp:featuredmedia":[{"embeddable":true,"href":"https:\/\/labestiapolitica.com.mx\/index.php?rest_route=\/wp\/v2\/media\/37413"}],"wp:attachment":[{"href":"https:\/\/labestiapolitica.com.mx\/index.php?rest_route=%2Fwp%2Fv2%2Fmedia&parent=37412"}],"wp:term":[{"taxonomy":"category","embeddable":true,"href":"https:\/\/labestiapolitica.com.mx\/index.php?rest_route=%2Fwp%2Fv2%2Fcategories&post=37412"},{"taxonomy":"post_tag","embeddable":true,"href":"https:\/\/labestiapolitica.com.mx\/index.php?rest_route=%2Fwp%2Fv2%2Ftags&post=37412"}],"curies":[{"name":"wp","href":"https:\/\/api.w.org\/{rel}","templated":true}]}}