{"id":37415,"date":"2025-02-18T13:43:54","date_gmt":"2025-02-18T19:43:54","guid":{"rendered":"https:\/\/labestiapolitica.com.mx\/?p=37415"},"modified":"2025-02-18T13:44:03","modified_gmt":"2025-02-18T19:44:03","slug":"reconoce-gobernadora-trabajo-de-la-fiscalia-general-de-justicia-en-materia-de-violencia-de-genero","status":"publish","type":"post","link":"https:\/\/labestiapolitica.com.mx\/?p=37415","title":{"rendered":"RECONOCE GOBERNADORA TRABAJO DE LA FISCAL\u00cdA GENERAL DE JUSTICIA EN MATERIA DE VIOLENCIA DE G\u00c9NERO"},"content":{"rendered":"<p style=\"text-align: justify;\">RECONOCE GOBERNADORA TRABAJO DE LA FISCAL\u00cdA GENERAL DE JUSTICIA EN MATERIA DE VIOLENCIA DE G\u00c9NERO<\/p>\n<p><em><strong>Lorena Cu\u00e9llar particip\u00f3 como invitada en la inauguraci\u00f3n de la Fiscal\u00eda Especializada en la Investigaci\u00f3n de los Delitos en Materia de Violencia de G\u00e9nero<\/strong><\/em><\/p>\n<p style=\"text-align: justify;\">Como muestra del trabajo coordinado que mantiene el Gobierno del Estado, encabezado por Lorena Cu\u00e9llar Cisneros, con las instituciones encargadas de brindar seguridad y procuraci\u00f3n de justicia, la gobernadora asisti\u00f3 a la inauguraci\u00f3n del complejo de la Fiscal\u00eda Especializada en la Investigaci\u00f3n de los Delitos en Materia de Violencia de G\u00e9nero, en donde reconoci\u00f3 el trabajo realizado en la materia.<\/p>\n<p style=\"text-align: justify;\">Como invitada especial, la mandataria dijo que \u201cesto es la consolidaci\u00f3n de un derecho que ha costado a\u00f1os de lucha para todas las mujeres\u201d. Afirm\u00f3 que \u201ceste logro no es solo del gobierno, es de todas las mujeres que han impulsado la transformaci\u00f3n de un Tlaxcala m\u00e1s igualitario; cada mujer que pise este espacio ser\u00e1 escuchada, respetada y protegida\u201d.<\/p>\n<p style=\"text-align: justify;\">Cu\u00e9llar Cisneros destac\u00f3 que, en un a\u00f1o, se han lograron 14 sentencias de trata de personas de a\u00f1os pasados, lo que significa que Tlaxcala responde con firmeza para combatir el rezago heredado en materia de justicia para ni\u00f1as, adolescentes y mujeres, y que ahora, con este complejo, se rompen m\u00e1s barreras.<br \/>\nAgreg\u00f3 que, con la creaci\u00f3n de esta Fiscal\u00eda, se busca brindar atenci\u00f3n oportuna al problema, con la finalidad de atender a las usuarias debidamente, reafirmando as\u00ed que el acceso a la justicia no es una concesi\u00f3n, sino un derecho por el cual, desde el inicio de su gobierno, se ha trabajado para priorizar la lucha contra la violencia de g\u00e9nero.<\/p>\n<p style=\"text-align: justify;\">En su intervenci\u00f3n, la titular de la Fiscal\u00eda General de Justicia (FGJ) de Tlaxcala, Ernestina Carro Rold\u00e1n, afirm\u00f3 que esta inauguraci\u00f3n refleja el esfuerzo institucional por atender las necesidades de las mujeres, y de sus hijas e hijos, en cumplimiento con las acciones de la Alerta de Violencia de G\u00e9nero contra las Mujeres.<\/p>\n<p style=\"text-align: justify;\">\u201cEn la sede, vamos a contar con 15 ministerios p\u00fablicos, 10 polic\u00edas de investigaci\u00f3n, cuatro peritos, 14 auxiliares, una doctora y una enfermera independientemente de las zonas regionales. Aprovecho para reiterar nuestro compromiso de atender todas las denuncias en materia de violencia de g\u00e9nero\u201d, detall\u00f3.<\/p>\n<p style=\"text-align: justify;\">Carro Rold\u00e1n explic\u00f3 que tambi\u00e9n tendr\u00e1 sedes en San Pablo del Monte, Ixtacuixtla, Apizaco, Tlaxco, Huamantla, Calpulalpan, Nat\u00edvitas, Zacatelco y San Pablo Apetatitl\u00e1n, a fin de acercar la justicia en materia de violencia de g\u00e9nero a todas las regiones de la entidad.<\/p>\n<p style=\"text-align: justify;\">La titular de la Fiscal\u00eda Especializada en la Investigaci\u00f3n de los Delitos en Materia de Violencia de G\u00e9nero, Soledad Reyes Zambrano, asegur\u00f3 que la creaci\u00f3n de esta instancia perteneciente a la FGJ es un paso importante para garantizar el derecho de todas las mujeres a vivir una vida libre de violencia.<\/p>\n<p style=\"text-align: justify;\">\u201cTlaxcala tambi\u00e9n ha dado importantes pasos para la erradicaci\u00f3n de la violencia. Nos sumamos a los esfuerzos a favor de las mujeres, cumpliendo con las obligaciones que tenemos para garantizar el acceso a la justicia con espacios que brindan atenci\u00f3n especializada con perspectiva de g\u00e9nero y respeto a los derechos humanos\u201d acot\u00f3.<\/p>\n<p style=\"text-align: justify;\">En el evento tambi\u00e9n estuvieron como invitadas especiales la presidenta honor\u00edfica del Sistema Estatal para el Desarrollo Integral de la Familia (Sedif), Mariana Espinosa de los Monteros Cu\u00e9llar; las titulares de la Secretar\u00eda de la Mujer del Estado de Tlaxcala (SMET), Nydia Cano Rodr\u00edguez; y del Centro de Justicia para las Mujeres (CJM), Berenice Garc\u00eda Sald\u00edvar, as\u00ed como las presidentas del Tribunal Superior de Justicia del Estado (TSJE) y de la Comisi\u00f3n Estatal de Derechos Humanos (CEDH), Anel Ba\u00f1uelos Meneses y Jakqueline Ordo\u00f1ez Brasdefer, respectivamente.<\/p>\n<p><img loading=\"lazy\" decoding=\"async\" class=\"alignnone size-full wp-image-37417\" src=\"https:\/\/labestiapolitica.com.mx\/wp-content\/uploads\/2025\/02\/3-18.png\" alt=\"\" width=\"2000\" height=\"1200\" srcset=\"https:\/\/labestiapolitica.com.mx\/wp-content\/uploads\/2025\/02\/3-18.png 2000w, https:\/\/labestiapolitica.com.mx\/wp-content\/uploads\/2025\/02\/3-18-300x180.png 300w, https:\/\/labestiapolitica.com.mx\/wp-content\/uploads\/2025\/02\/3-18-1024x614.png 1024w, https:\/\/labestiapolitica.com.mx\/wp-content\/uploads\/2025\/02\/3-18-768x461.png 768w, https:\/\/labestiapolitica.com.mx\/wp-content\/uploads\/2025\/02\/3-18-1536x922.png 1536w\" sizes=\"auto, (max-width: 2000px) 100vw, 2000px\" \/> <img loading=\"lazy\" decoding=\"async\" class=\"alignnone size-full wp-image-37418\" src=\"https:\/\/labestiapolitica.com.mx\/wp-content\/uploads\/2025\/02\/4-8.png\" alt=\"\" width=\"2000\" height=\"1200\" srcset=\"https:\/\/labestiapolitica.com.mx\/wp-content\/uploads\/2025\/02\/4-8.png 2000w, https:\/\/labestiapolitica.com.mx\/wp-content\/uploads\/2025\/02\/4-8-300x180.png 300w, https:\/\/labestiapolitica.com.mx\/wp-content\/uploads\/2025\/02\/4-8-1024x614.png 1024w, https:\/\/labestiapolitica.com.mx\/wp-content\/uploads\/2025\/02\/4-8-768x461.png 768w, https:\/\/labestiapolitica.com.mx\/wp-content\/uploads\/2025\/02\/4-8-1536x922.png 1536w\" sizes=\"auto, (max-width: 2000px) 100vw, 2000px\" \/> <img loading=\"lazy\" decoding=\"async\" class=\"alignnone size-full wp-image-37419\" src=\"https:\/\/labestiapolitica.com.mx\/wp-content\/uploads\/2025\/02\/5-1.png\" alt=\"\" width=\"2000\" height=\"1200\" srcset=\"https:\/\/labestiapolitica.com.mx\/wp-content\/uploads\/2025\/02\/5-1.png 2000w, https:\/\/labestiapolitica.com.mx\/wp-content\/uploads\/2025\/02\/5-1-300x180.png 300w, https:\/\/labestiapolitica.com.mx\/wp-content\/uploads\/2025\/02\/5-1-1024x614.png 1024w, https:\/\/labestiapolitica.com.mx\/wp-content\/uploads\/2025\/02\/5-1-768x461.png 768w, https:\/\/labestiapolitica.com.mx\/wp-content\/uploads\/2025\/02\/5-1-1536x922.png 1536w\" sizes=\"auto, (max-width: 2000px) 100vw, 2000px\" \/> <img loading=\"lazy\" decoding=\"async\" class=\"alignnone size-full wp-image-37420\" src=\"https:\/\/labestiapolitica.com.mx\/wp-content\/uploads\/2025\/02\/6.png\" alt=\"\" width=\"2000\" height=\"1200\" srcset=\"https:\/\/labestiapolitica.com.mx\/wp-content\/uploads\/2025\/02\/6.png 2000w, https:\/\/labestiapolitica.com.mx\/wp-content\/uploads\/2025\/02\/6-300x180.png 300w, https:\/\/labestiapolitica.com.mx\/wp-content\/uploads\/2025\/02\/6-1024x614.png 1024w, https:\/\/labestiapolitica.com.mx\/wp-content\/uploads\/2025\/02\/6-768x461.png 768w, https:\/\/labestiapolitica.com.mx\/wp-content\/uploads\/2025\/02\/6-1536x922.png 1536w\" sizes=\"auto, (max-width: 2000px) 100vw, 2000px\" \/> <img loading=\"lazy\" decoding=\"async\" class=\"alignnone size-full wp-image-37421\" src=\"https:\/\/labestiapolitica.com.mx\/wp-content\/uploads\/2025\/02\/1-21.png\" alt=\"\" width=\"2000\" height=\"1200\" srcset=\"https:\/\/labestiapolitica.com.mx\/wp-content\/uploads\/2025\/02\/1-21.png 2000w, https:\/\/labestiapolitica.com.mx\/wp-content\/uploads\/2025\/02\/1-21-300x180.png 300w, https:\/\/labestiapolitica.com.mx\/wp-content\/uploads\/2025\/02\/1-21-1024x614.png 1024w, https:\/\/labestiapolitica.com.mx\/wp-content\/uploads\/2025\/02\/1-21-768x461.png 768w, https:\/\/labestiapolitica.com.mx\/wp-content\/uploads\/2025\/02\/1-21-1536x922.png 1536w\" sizes=\"auto, (max-width: 2000px) 100vw, 2000px\" \/><\/p>\n","protected":false},"excerpt":{"rendered":"<p>RECONOCE GOBERNADORA TRABAJO DE LA FISCAL\u00cdA GENERAL DE JUSTICIA EN MATERIA DE VIOLENCIA DE G\u00c9NERO Lorena Cu\u00e9llar particip\u00f3 como invitada en la inauguraci\u00f3n de la Fiscal\u00eda Especializada en la Investigaci\u00f3n de los Delitos en Materia de Violencia de G\u00e9nero Como muestra del trabajo coordinado que mantiene el Gobierno del Estado, encabezado por Lorena Cu\u00e9llar Cisneros, [&hellip;]<\/p>\n","protected":false},"author":3,"featured_media":37416,"comment_status":"open","ping_status":"open","sticky":false,"template":"","format":"standard","meta":{"footnotes":""},"categories":[236],"tags":[],"class_list":["post-37415","post","type-post","status-publish","format-standard","has-post-thumbnail","hentry","category-gobierno-de-tlaxcala"],"amp_enabled":true,"_links":{"self":[{"href":"https:\/\/labestiapolitica.com.mx\/index.php?rest_route=\/wp\/v2\/posts\/37415","targetHints":{"allow":["GET"]}}],"collection":[{"href":"https:\/\/labestiapolitica.com.mx\/index.php?rest_route=\/wp\/v2\/posts"}],"about":[{"href":"https:\/\/labestiapolitica.com.mx\/index.php?rest_route=\/wp\/v2\/types\/post"}],"author":[{"embeddable":true,"href":"https:\/\/labestiapolitica.com.mx\/index.php?rest_route=\/wp\/v2\/users\/3"}],"replies":[{"embeddable":true,"href":"https:\/\/labestiapolitica.com.mx\/index.php?rest_route=%2Fwp%2Fv2%2Fcomments&post=37415"}],"version-history":[{"count":2,"href":"https:\/\/labestiapolitica.com.mx\/index.php?rest_route=\/wp\/v2\/posts\/37415\/revisions"}],"predecessor-version":[{"id":37423,"href":"https:\/\/labestiapolitica.com.mx\/index.php?rest_route=\/wp\/v2\/posts\/37415\/revisions\/37423"}],"wp:featuredmedia":[{"embeddable":true,"href":"https:\/\/labestiapolitica.com.mx\/index.php?rest_route=\/wp\/v2\/media\/37416"}],"wp:attachment":[{"href":"https:\/\/labestiapolitica.com.mx\/index.php?rest_route=%2Fwp%2Fv2%2Fmedia&parent=37415"}],"wp:term":[{"taxonomy":"category","embeddable":true,"href":"https:\/\/labestiapolitica.com.mx\/index.php?rest_route=%2Fwp%2Fv2%2Fcategories&post=37415"},{"taxonomy":"post_tag","embeddable":true,"href":"https:\/\/labestiapolitica.com.mx\/index.php?rest_route=%2Fwp%2Fv2%2Ftags&post=37415"}],"curies":[{"name":"wp","href":"https:\/\/api.w.org\/{rel}","templated":true}]}}