{"id":37424,"date":"2025-02-18T13:54:00","date_gmt":"2025-02-18T19:54:00","guid":{"rendered":"https:\/\/labestiapolitica.com.mx\/?p=37424"},"modified":"2025-02-18T19:54:23","modified_gmt":"2025-02-19T01:54:23","slug":"cecyte-emsad-refrenda-su-compromiso-con-la-educacion","status":"publish","type":"post","link":"https:\/\/labestiapolitica.com.mx\/?p=37424","title":{"rendered":"CECyTE \u2013 EMSaD Refrenda su compromiso con la educaci\u00f3n"},"content":{"rendered":"<p style=\"text-align: justify;\"><em><strong>El director general Blas Marvin Mora enfatiz\u00f3 que continuar\u00e1 la transformaci\u00f3n hac\u00eda la excelencia educativa para pr\u00f3ximo semestre<\/strong><\/em><\/p>\n<p>El director general del Colegio de Estudios Cient\u00edficos y Tecnol\u00f3gicos del Estado y Centros de Educaci\u00f3n Media Superior (CECyTE &#8211; EMSaD), Blas Marvin Mora, refrend\u00f3 su compromiso con la excelencia educativa, bajo los principios de la Nueva Escuela Mexicana (NEM) centrada en la ideolog\u00eda del humanismo, en el marco del inicio del semestre B del ciclo escolar 2024 \u2013 2025.<\/p>\n<p>Durante dos reuniones que sostuvo con los 32 directores de los planteles CECyTE y 25 centros EMSaD, el director general refiri\u00f3 que la encomienda de la gobernadora del estado, Lorena Cu\u00e9llar Cisneros, es trabajar en conjunto en beneficio de los estudiantes para continuar construyendo el cuarto piso de la transformaci\u00f3n educativa.<\/p>\n<p>Asegur\u00f3 que en concordancia con el Plan Estatal de Desarrollo y el nuevo plan de educaci\u00f3n media superior del Gobierno de M\u00e9xico, se trabajar\u00e1 para combatir la deserci\u00f3n escolar, alcanzar la excelencia educativa y lograr una amplia cobertura en los municipios donde se ubican planteles CECyTE \u2013 EMSaD.<\/p>\n<p>Ante los responsables de los planteles, Marvin Mora refiri\u00f3 que actualmente el CECyTE \u2013 EMSaD es el subsistema m\u00e1s grande del estado, con una matr\u00edcula que rebasa los 18 mil estudiantes inscritos en los centros escolares que est\u00e1n ubicados en el 70 por ciento del territorio tlaxcalteca, dando cobertura en las comunidades m\u00e1s alejadas.<\/p>\n<p>En su oportunidad, los directores que asistieron a dichas reuniones reafirmaron su compromiso de trabajar en coordinaci\u00f3n y en beneficio de la poblaci\u00f3n estudiantil con la integraci\u00f3n de las comunidades, como lo marca la pol\u00edtica nacional educativa.<\/p>\n<p>&nbsp;<\/p>\n<p><img loading=\"lazy\" decoding=\"async\" class=\"alignnone size-full wp-image-37426\" src=\"https:\/\/labestiapolitica.com.mx\/wp-content\/uploads\/2025\/02\/2-21.png\" alt=\"\" width=\"2000\" height=\"1200\" srcset=\"https:\/\/labestiapolitica.com.mx\/wp-content\/uploads\/2025\/02\/2-21.png 2000w, https:\/\/labestiapolitica.com.mx\/wp-content\/uploads\/2025\/02\/2-21-300x180.png 300w, https:\/\/labestiapolitica.com.mx\/wp-content\/uploads\/2025\/02\/2-21-1024x614.png 1024w, https:\/\/labestiapolitica.com.mx\/wp-content\/uploads\/2025\/02\/2-21-768x461.png 768w, https:\/\/labestiapolitica.com.mx\/wp-content\/uploads\/2025\/02\/2-21-1536x922.png 1536w\" sizes=\"auto, (max-width: 2000px) 100vw, 2000px\" \/> <img loading=\"lazy\" decoding=\"async\" class=\"alignnone size-full wp-image-37427\" src=\"https:\/\/labestiapolitica.com.mx\/wp-content\/uploads\/2025\/02\/3-19.png\" alt=\"\" width=\"2000\" height=\"1200\" srcset=\"https:\/\/labestiapolitica.com.mx\/wp-content\/uploads\/2025\/02\/3-19.png 2000w, https:\/\/labestiapolitica.com.mx\/wp-content\/uploads\/2025\/02\/3-19-300x180.png 300w, https:\/\/labestiapolitica.com.mx\/wp-content\/uploads\/2025\/02\/3-19-1024x614.png 1024w, https:\/\/labestiapolitica.com.mx\/wp-content\/uploads\/2025\/02\/3-19-768x461.png 768w, https:\/\/labestiapolitica.com.mx\/wp-content\/uploads\/2025\/02\/3-19-1536x922.png 1536w\" sizes=\"auto, (max-width: 2000px) 100vw, 2000px\" \/><\/p>\n","protected":false},"excerpt":{"rendered":"<p>El director general Blas Marvin Mora enfatiz\u00f3 que continuar\u00e1 la transformaci\u00f3n hac\u00eda la excelencia educativa para pr\u00f3ximo semestre El director general del Colegio de Estudios Cient\u00edficos y Tecnol\u00f3gicos del Estado y Centros de Educaci\u00f3n Media Superior (CECyTE &#8211; EMSaD), Blas Marvin Mora, refrend\u00f3 su compromiso con la excelencia educativa, bajo los principios de la Nueva [&hellip;]<\/p>\n","protected":false},"author":3,"featured_media":37425,"comment_status":"open","ping_status":"open","sticky":false,"template":"","format":"standard","meta":{"footnotes":""},"categories":[12,7],"tags":[],"class_list":["post-37424","post","type-post","status-publish","format-standard","has-post-thumbnail","hentry","category-brujula-2026","category-ciudadanos"],"amp_enabled":true,"_links":{"self":[{"href":"https:\/\/labestiapolitica.com.mx\/index.php?rest_route=\/wp\/v2\/posts\/37424","targetHints":{"allow":["GET"]}}],"collection":[{"href":"https:\/\/labestiapolitica.com.mx\/index.php?rest_route=\/wp\/v2\/posts"}],"about":[{"href":"https:\/\/labestiapolitica.com.mx\/index.php?rest_route=\/wp\/v2\/types\/post"}],"author":[{"embeddable":true,"href":"https:\/\/labestiapolitica.com.mx\/index.php?rest_route=\/wp\/v2\/users\/3"}],"replies":[{"embeddable":true,"href":"https:\/\/labestiapolitica.com.mx\/index.php?rest_route=%2Fwp%2Fv2%2Fcomments&post=37424"}],"version-history":[{"count":2,"href":"https:\/\/labestiapolitica.com.mx\/index.php?rest_route=\/wp\/v2\/posts\/37424\/revisions"}],"predecessor-version":[{"id":37517,"href":"https:\/\/labestiapolitica.com.mx\/index.php?rest_route=\/wp\/v2\/posts\/37424\/revisions\/37517"}],"wp:featuredmedia":[{"embeddable":true,"href":"https:\/\/labestiapolitica.com.mx\/index.php?rest_route=\/wp\/v2\/media\/37425"}],"wp:attachment":[{"href":"https:\/\/labestiapolitica.com.mx\/index.php?rest_route=%2Fwp%2Fv2%2Fmedia&parent=37424"}],"wp:term":[{"taxonomy":"category","embeddable":true,"href":"https:\/\/labestiapolitica.com.mx\/index.php?rest_route=%2Fwp%2Fv2%2Fcategories&post=37424"},{"taxonomy":"post_tag","embeddable":true,"href":"https:\/\/labestiapolitica.com.mx\/index.php?rest_route=%2Fwp%2Fv2%2Ftags&post=37424"}],"curies":[{"name":"wp","href":"https:\/\/api.w.org\/{rel}","templated":true}]}}