{"id":37430,"date":"2025-02-18T14:03:06","date_gmt":"2025-02-18T20:03:06","guid":{"rendered":"https:\/\/labestiapolitica.com.mx\/?p=37430"},"modified":"2025-02-18T19:54:06","modified_gmt":"2025-02-19T01:54:06","slug":"inaugura-gobernadora-unidad-de-bienestar-para-tu-salud-la-numero-15-en-la-capital-tlaxcalteca","status":"publish","type":"post","link":"https:\/\/labestiapolitica.com.mx\/?p=37430","title":{"rendered":"Inaugura gobernadora \u201cunidad de bienestar para tu salud\u201d, la n\u00famero 15 en la capital tlaxcalteca"},"content":{"rendered":"<p style=\"text-align: justify;\"><strong><em>A trav\u00e9s de estas se han entregado un mill\u00f3n de medicamentos, 246 mil lentes, as\u00ed como un mill\u00f3n de consultas generales y 526 mil estudios de laboratorio<\/em><\/strong><\/p>\n<p style=\"text-align: justify;\">La gobernadora Lorena Cu\u00e9llar Cisneros, acompa\u00f1ada por el presidente municipal de Tlaxcala, Alfonso S\u00e1nchez Garc\u00eda y la presidenta honor\u00edfica del Comit\u00e9 Consultivo de Bienestar, Fernanda Espinosa de los Monteros Cu\u00e9llar, encabez\u00f3 la inauguraci\u00f3n de la Unidad de Bienestar para tu Salud n\u00famero 15 en la capital del estado, con capacidad para atender a 15 mil tlaxcaltecas.<\/p>\n<p style=\"text-align: justify;\">En su mensaje, la mandataria estatal dio a conocer que este tipo de cl\u00ednicas que ofrecen servicios m\u00e9dicos gratuitos y de calidad a familias en condici\u00f3n vulnerable se han inaugurado en todas las regiones de la entidad para mejorar la calidad de vida de familias que no cuentan con seguridad social.<\/p>\n<p style=\"text-align: justify;\">\u201cA trav\u00e9s de la Secretar\u00eda de Bienestar hemos entregado un mill\u00f3n de medicamentos, 246 mil lentes, hemos brindado un mill\u00f3n de consultas generales y 526 mil estudios de laboratorio, todo de manera gratuita\u201d, enfatiz\u00f3.<\/p>\n<p style=\"text-align: justify;\">Asimismo, la gobernadora Lorena Cu\u00e9llar se\u00f1al\u00f3 que las Unidades de Bienestar para tu Salud son parte de las acciones que impulsa el Gobierno del Estado para garantizar atenci\u00f3n m\u00e9dica a quienes m\u00e1s lo requieren.<\/p>\n<p style=\"text-align: justify;\">La titular del Ejecutivo local reconoci\u00f3 el trabajo de la Secretar\u00eda de Bienestar, dependencia que refleja en cada uno de sus programas el amor por el servicio p\u00fablico y por ayudar a los tlaxcaltecas en pobreza.<\/p>\n<p style=\"text-align: justify;\">\u201cNos faltan muchas cosas por hacer, pero estamos avanzando, resultado de las gestiones que realizamos este a\u00f1o, vamos a inaugurar el Banco de Alimentos Tlaxcala, lo que nos motiva mucho, porque producto de este esfuerzo hemos colocado al estado como segundo lugar a nivel nacional en el combate a la pobreza alimentaria\u201d, subray\u00f3.<\/p>\n<p style=\"text-align: justify;\">La gobernadora Lorena Cu\u00e9llar reiter\u00f3 el compromiso de apoyar al Ayuntamiento de Tlaxcala en beneficio de todas las familias de la capital, al tiempo que agradeci\u00f3 el respaldo del Congreso del Estado para impulsar el bienestar de la poblaci\u00f3n.<\/p>\n<p style=\"text-align: justify;\">En su oportunidad, la presidenta honor\u00edfica del Comit\u00e9 Consultivo de Bienestar, Fernanda Espinosa de los Monteros Cu\u00e9llar, destac\u00f3 los beneficios que ofrecer\u00e1 esta unidad a las familias, quienes podr\u00e1n acudir a este espacio a consulta m\u00e9dica cada vez que lo requieran, a ex\u00e1menes de la vista, a realizarse estudios de laboratorio y a recibir medicamentos gratuitos para cuidar su salud.<\/p>\n<p style=\"text-align: justify;\">\u201cEsta inauguraci\u00f3n es resultado de un trabajo en equipo y coordinado con el presidente municipal Alfonso S\u00e1nchez Garc\u00eda y el respaldo del Gobierno del Estado, porque lo m\u00e1s importante para nosotros es que aprovechen estos programas y se acerquen con nosotros para que los apoyemos\u201d, asegur\u00f3.<\/p>\n<p>&nbsp;<\/p>\n<p><img loading=\"lazy\" decoding=\"async\" class=\"alignnone size-full wp-image-37432\" src=\"https:\/\/labestiapolitica.com.mx\/wp-content\/uploads\/2025\/02\/2-22.png\" alt=\"\" width=\"2000\" height=\"1200\" srcset=\"https:\/\/labestiapolitica.com.mx\/wp-content\/uploads\/2025\/02\/2-22.png 2000w, https:\/\/labestiapolitica.com.mx\/wp-content\/uploads\/2025\/02\/2-22-300x180.png 300w, https:\/\/labestiapolitica.com.mx\/wp-content\/uploads\/2025\/02\/2-22-1024x614.png 1024w, https:\/\/labestiapolitica.com.mx\/wp-content\/uploads\/2025\/02\/2-22-768x461.png 768w, https:\/\/labestiapolitica.com.mx\/wp-content\/uploads\/2025\/02\/2-22-1536x922.png 1536w\" sizes=\"auto, (max-width: 2000px) 100vw, 2000px\" \/> <img loading=\"lazy\" decoding=\"async\" class=\"alignnone size-full wp-image-37433\" src=\"https:\/\/labestiapolitica.com.mx\/wp-content\/uploads\/2025\/02\/4-9.png\" alt=\"\" width=\"2000\" height=\"1200\" srcset=\"https:\/\/labestiapolitica.com.mx\/wp-content\/uploads\/2025\/02\/4-9.png 2000w, https:\/\/labestiapolitica.com.mx\/wp-content\/uploads\/2025\/02\/4-9-300x180.png 300w, https:\/\/labestiapolitica.com.mx\/wp-content\/uploads\/2025\/02\/4-9-1024x614.png 1024w, https:\/\/labestiapolitica.com.mx\/wp-content\/uploads\/2025\/02\/4-9-768x461.png 768w, https:\/\/labestiapolitica.com.mx\/wp-content\/uploads\/2025\/02\/4-9-1536x922.png 1536w\" sizes=\"auto, (max-width: 2000px) 100vw, 2000px\" \/> <img loading=\"lazy\" decoding=\"async\" class=\"alignnone size-full wp-image-37434\" src=\"https:\/\/labestiapolitica.com.mx\/wp-content\/uploads\/2025\/02\/1-23.png\" alt=\"\" width=\"2000\" height=\"1200\" srcset=\"https:\/\/labestiapolitica.com.mx\/wp-content\/uploads\/2025\/02\/1-23.png 2000w, https:\/\/labestiapolitica.com.mx\/wp-content\/uploads\/2025\/02\/1-23-300x180.png 300w, https:\/\/labestiapolitica.com.mx\/wp-content\/uploads\/2025\/02\/1-23-1024x614.png 1024w, https:\/\/labestiapolitica.com.mx\/wp-content\/uploads\/2025\/02\/1-23-768x461.png 768w, https:\/\/labestiapolitica.com.mx\/wp-content\/uploads\/2025\/02\/1-23-1536x922.png 1536w\" sizes=\"auto, (max-width: 2000px) 100vw, 2000px\" \/><\/p>\n","protected":false},"excerpt":{"rendered":"<p>A trav\u00e9s de estas se han entregado un mill\u00f3n de medicamentos, 246 mil lentes, as\u00ed como un mill\u00f3n de consultas generales y 526 mil estudios de laboratorio La gobernadora Lorena Cu\u00e9llar Cisneros, acompa\u00f1ada por el presidente municipal de Tlaxcala, Alfonso S\u00e1nchez Garc\u00eda y la presidenta honor\u00edfica del Comit\u00e9 Consultivo de Bienestar, Fernanda Espinosa de los [&hellip;]<\/p>\n","protected":false},"author":3,"featured_media":37431,"comment_status":"open","ping_status":"open","sticky":false,"template":"","format":"standard","meta":{"footnotes":""},"categories":[7,236],"tags":[],"class_list":["post-37430","post","type-post","status-publish","format-standard","has-post-thumbnail","hentry","category-ciudadanos","category-gobierno-de-tlaxcala"],"amp_enabled":true,"_links":{"self":[{"href":"https:\/\/labestiapolitica.com.mx\/index.php?rest_route=\/wp\/v2\/posts\/37430","targetHints":{"allow":["GET"]}}],"collection":[{"href":"https:\/\/labestiapolitica.com.mx\/index.php?rest_route=\/wp\/v2\/posts"}],"about":[{"href":"https:\/\/labestiapolitica.com.mx\/index.php?rest_route=\/wp\/v2\/types\/post"}],"author":[{"embeddable":true,"href":"https:\/\/labestiapolitica.com.mx\/index.php?rest_route=\/wp\/v2\/users\/3"}],"replies":[{"embeddable":true,"href":"https:\/\/labestiapolitica.com.mx\/index.php?rest_route=%2Fwp%2Fv2%2Fcomments&post=37430"}],"version-history":[{"count":1,"href":"https:\/\/labestiapolitica.com.mx\/index.php?rest_route=\/wp\/v2\/posts\/37430\/revisions"}],"predecessor-version":[{"id":37436,"href":"https:\/\/labestiapolitica.com.mx\/index.php?rest_route=\/wp\/v2\/posts\/37430\/revisions\/37436"}],"wp:featuredmedia":[{"embeddable":true,"href":"https:\/\/labestiapolitica.com.mx\/index.php?rest_route=\/wp\/v2\/media\/37431"}],"wp:attachment":[{"href":"https:\/\/labestiapolitica.com.mx\/index.php?rest_route=%2Fwp%2Fv2%2Fmedia&parent=37430"}],"wp:term":[{"taxonomy":"category","embeddable":true,"href":"https:\/\/labestiapolitica.com.mx\/index.php?rest_route=%2Fwp%2Fv2%2Fcategories&post=37430"},{"taxonomy":"post_tag","embeddable":true,"href":"https:\/\/labestiapolitica.com.mx\/index.php?rest_route=%2Fwp%2Fv2%2Ftags&post=37430"}],"curies":[{"name":"wp","href":"https:\/\/api.w.org\/{rel}","templated":true}]}}