{"id":37450,"date":"2025-02-18T14:57:52","date_gmt":"2025-02-18T20:57:52","guid":{"rendered":"https:\/\/labestiapolitica.com.mx\/?p=37450"},"modified":"2025-02-18T14:57:52","modified_gmt":"2025-02-18T20:57:52","slug":"%f0%9f%8f%a5-nueva-unidad-medica-en-tlaxcala-capital-%f0%9f%8f%a5","status":"publish","type":"post","link":"https:\/\/labestiapolitica.com.mx\/?p=37450","title":{"rendered":"\ud83c\udfe5 \u00a1Nueva Unidad M\u00e9dica en Tlaxcala Capital! \ud83c\udfe5"},"content":{"rendered":"<p style=\"text-align: justify;\" data-start=\"55\" data-end=\"233\">El alcalde <strong data-start=\"66\" data-end=\"92\">Alfonso S\u00e1nchez Garc\u00eda<\/strong>, junto a la gobernadora <strong data-start=\"117\" data-end=\"135\">Lorena Cu\u00e9llar<\/strong>, inaugur\u00f3 la <strong data-start=\"149\" data-end=\"199\">Unidad M\u00e9dica Bienestar Para Tu Salud Tlaxcala<\/strong> en <strong data-start=\"203\" data-end=\"227\">La Loma Xicoht\u00e9ncatl<\/strong>. \ud83d\udc99<\/p>\n<p style=\"text-align: justify;\" data-start=\"235\" data-end=\"362\">\u2705 <strong data-start=\"237\" data-end=\"261\">Servicios gratuitos:<\/strong><br data-start=\"261\" data-end=\"264\" \/>\ud83e\ude7a Consulta m\u00e9dica general<br data-start=\"290\" data-end=\"293\" \/>\ud83e\uddb7 Odontolog\u00eda<br data-start=\"307\" data-end=\"310\" \/>\ud83d\udc53 Optometr\u00eda<br data-start=\"323\" data-end=\"326\" \/>\ud83e\uddea An\u00e1lisis cl\u00ednicos<br data-start=\"346\" data-end=\"349\" \/>\ud83d\udc8a Farmacia<\/p>\n<p style=\"text-align: justify;\" data-start=\"364\" data-end=\"411\">\u00a1M\u00e1s salud y bienestar para todas y todos! \ud83c\udf1f<\/p>\n<p style=\"text-align: justify;\" data-start=\"413\" data-end=\"479\" data-is-last-node=\"\">#HistoriaQueEscribimosJuntos #SaludParaTodos #BienestarParaTuSalud<\/p>\n<p data-start=\"413\" data-end=\"479\" data-is-last-node=\"\"><img loading=\"lazy\" decoding=\"async\" class=\"alignnone size-full wp-image-37452\" src=\"https:\/\/labestiapolitica.com.mx\/wp-content\/uploads\/2025\/02\/2-24.png\" alt=\"\" width=\"2000\" height=\"1200\" srcset=\"https:\/\/labestiapolitica.com.mx\/wp-content\/uploads\/2025\/02\/2-24.png 2000w, https:\/\/labestiapolitica.com.mx\/wp-content\/uploads\/2025\/02\/2-24-300x180.png 300w, https:\/\/labestiapolitica.com.mx\/wp-content\/uploads\/2025\/02\/2-24-1024x614.png 1024w, https:\/\/labestiapolitica.com.mx\/wp-content\/uploads\/2025\/02\/2-24-768x461.png 768w, https:\/\/labestiapolitica.com.mx\/wp-content\/uploads\/2025\/02\/2-24-1536x922.png 1536w\" sizes=\"auto, (max-width: 2000px) 100vw, 2000px\" \/> <img loading=\"lazy\" decoding=\"async\" class=\"alignnone size-full wp-image-37453\" src=\"https:\/\/labestiapolitica.com.mx\/wp-content\/uploads\/2025\/02\/3-22.png\" alt=\"\" width=\"2000\" height=\"1200\" srcset=\"https:\/\/labestiapolitica.com.mx\/wp-content\/uploads\/2025\/02\/3-22.png 2000w, https:\/\/labestiapolitica.com.mx\/wp-content\/uploads\/2025\/02\/3-22-300x180.png 300w, https:\/\/labestiapolitica.com.mx\/wp-content\/uploads\/2025\/02\/3-22-1024x614.png 1024w, https:\/\/labestiapolitica.com.mx\/wp-content\/uploads\/2025\/02\/3-22-768x461.png 768w, https:\/\/labestiapolitica.com.mx\/wp-content\/uploads\/2025\/02\/3-22-1536x922.png 1536w\" sizes=\"auto, (max-width: 2000px) 100vw, 2000px\" \/><\/p>\n<p data-start=\"413\" data-end=\"479\" data-is-last-node=\"\">\n","protected":false},"excerpt":{"rendered":"<p>El alcalde Alfonso S\u00e1nchez Garc\u00eda, junto a la gobernadora Lorena Cu\u00e9llar, inaugur\u00f3 la Unidad M\u00e9dica Bienestar Para Tu Salud Tlaxcala en La Loma Xicoht\u00e9ncatl. \ud83d\udc99 \u2705 Servicios gratuitos:\ud83e\ude7a Consulta m\u00e9dica general\ud83e\uddb7 Odontolog\u00eda\ud83d\udc53 Optometr\u00eda\ud83e\uddea An\u00e1lisis cl\u00ednicos\ud83d\udc8a Farmacia \u00a1M\u00e1s salud y bienestar para todas y todos! \ud83c\udf1f #HistoriaQueEscribimosJuntos #SaludParaTodos #BienestarParaTuSalud<\/p>\n","protected":false},"author":3,"featured_media":37451,"comment_status":"open","ping_status":"open","sticky":false,"template":"","format":"standard","meta":{"footnotes":""},"categories":[12,216,214],"tags":[],"class_list":["post-37450","post","type-post","status-publish","format-standard","has-post-thumbnail","hentry","category-brujula-2026","category-municipios","category-tlaxcala-capital"],"amp_enabled":true,"_links":{"self":[{"href":"https:\/\/labestiapolitica.com.mx\/index.php?rest_route=\/wp\/v2\/posts\/37450","targetHints":{"allow":["GET"]}}],"collection":[{"href":"https:\/\/labestiapolitica.com.mx\/index.php?rest_route=\/wp\/v2\/posts"}],"about":[{"href":"https:\/\/labestiapolitica.com.mx\/index.php?rest_route=\/wp\/v2\/types\/post"}],"author":[{"embeddable":true,"href":"https:\/\/labestiapolitica.com.mx\/index.php?rest_route=\/wp\/v2\/users\/3"}],"replies":[{"embeddable":true,"href":"https:\/\/labestiapolitica.com.mx\/index.php?rest_route=%2Fwp%2Fv2%2Fcomments&post=37450"}],"version-history":[{"count":1,"href":"https:\/\/labestiapolitica.com.mx\/index.php?rest_route=\/wp\/v2\/posts\/37450\/revisions"}],"predecessor-version":[{"id":37454,"href":"https:\/\/labestiapolitica.com.mx\/index.php?rest_route=\/wp\/v2\/posts\/37450\/revisions\/37454"}],"wp:featuredmedia":[{"embeddable":true,"href":"https:\/\/labestiapolitica.com.mx\/index.php?rest_route=\/wp\/v2\/media\/37451"}],"wp:attachment":[{"href":"https:\/\/labestiapolitica.com.mx\/index.php?rest_route=%2Fwp%2Fv2%2Fmedia&parent=37450"}],"wp:term":[{"taxonomy":"category","embeddable":true,"href":"https:\/\/labestiapolitica.com.mx\/index.php?rest_route=%2Fwp%2Fv2%2Fcategories&post=37450"},{"taxonomy":"post_tag","embeddable":true,"href":"https:\/\/labestiapolitica.com.mx\/index.php?rest_route=%2Fwp%2Fv2%2Ftags&post=37450"}],"curies":[{"name":"wp","href":"https:\/\/api.w.org\/{rel}","templated":true}]}}