{"id":37455,"date":"2025-02-18T15:05:58","date_gmt":"2025-02-18T21:05:58","guid":{"rendered":"https:\/\/labestiapolitica.com.mx\/?p=37455"},"modified":"2025-03-09T21:36:25","modified_gmt":"2025-03-10T03:36:25","slug":"%f0%9f%93%96-tlaxcala-avanza-en-educacion-%f0%9f%93%9a","status":"publish","type":"post","link":"https:\/\/labestiapolitica.com.mx\/?p=37455","title":{"rendered":"\ud83d\udcd6 Tlaxcala capital avanza en educaci\u00f3n \ud83d\udcda"},"content":{"rendered":"<p data-start=\"42\" data-end=\"279\">El alcalde <strong data-start=\"53\" data-end=\"79\">Alfonso S\u00e1nchez Garc\u00eda<\/strong> acompa\u00f1\u00f3 a la gobernadora <strong data-start=\"106\" data-end=\"124\">Lorena Cu\u00e9llar<\/strong> y al titular del <strong data-start=\"142\" data-end=\"187\">INEA Nacional, Armando Contreras Castillo<\/strong>, en la firma del convenio <strong data-start=\"214\" data-end=\"273\">\u00abTlaxcala escribe una nueva historia en alfabetizaci\u00f3n\u00bb<\/strong>. \u270d\ufe0f<\/p>\n<p data-start=\"281\" data-end=\"495\">Este acuerdo fortalece el compromiso de reducir el rezago educativo y brindar m\u00e1s oportunidades de aprendizaje. Desde el <strong data-start=\"402\" data-end=\"430\">Ayuntamiento de Tlaxcala<\/strong>, seguimos sumando esfuerzos para que <strong data-start=\"468\" data-end=\"492\">nadie se quede atr\u00e1s<\/strong>.<\/p>\n<p data-start=\"497\" data-end=\"570\">\ud83d\udcd5 \u00a1Un Tlaxcala con m\u00e1s educaci\u00f3n es un Tlaxcala con m\u00e1s oportunidades!<\/p>\n<p data-start=\"572\" data-end=\"644\" data-is-last-node=\"\">#HistoriaQueEscribimosJuntos #Educaci\u00f3nParaTodos #TlaxcalaDeXicoht\u00e9ncatl<\/p>\n<p data-start=\"572\" data-end=\"644\" data-is-last-node=\"\"><img loading=\"lazy\" decoding=\"async\" class=\"alignnone size-full wp-image-37457\" src=\"https:\/\/labestiapolitica.com.mx\/wp-content\/uploads\/2025\/02\/3-23.png\" alt=\"\" width=\"2000\" height=\"1200\" srcset=\"https:\/\/labestiapolitica.com.mx\/wp-content\/uploads\/2025\/02\/3-23.png 2000w, https:\/\/labestiapolitica.com.mx\/wp-content\/uploads\/2025\/02\/3-23-300x180.png 300w, https:\/\/labestiapolitica.com.mx\/wp-content\/uploads\/2025\/02\/3-23-1024x614.png 1024w, https:\/\/labestiapolitica.com.mx\/wp-content\/uploads\/2025\/02\/3-23-768x461.png 768w, https:\/\/labestiapolitica.com.mx\/wp-content\/uploads\/2025\/02\/3-23-1536x922.png 1536w\" sizes=\"auto, (max-width: 2000px) 100vw, 2000px\" \/> <img loading=\"lazy\" decoding=\"async\" class=\"alignnone size-full wp-image-37458\" src=\"https:\/\/labestiapolitica.com.mx\/wp-content\/uploads\/2025\/02\/1-26.png\" alt=\"\" width=\"2000\" height=\"1200\" srcset=\"https:\/\/labestiapolitica.com.mx\/wp-content\/uploads\/2025\/02\/1-26.png 2000w, https:\/\/labestiapolitica.com.mx\/wp-content\/uploads\/2025\/02\/1-26-300x180.png 300w, https:\/\/labestiapolitica.com.mx\/wp-content\/uploads\/2025\/02\/1-26-1024x614.png 1024w, https:\/\/labestiapolitica.com.mx\/wp-content\/uploads\/2025\/02\/1-26-768x461.png 768w, https:\/\/labestiapolitica.com.mx\/wp-content\/uploads\/2025\/02\/1-26-1536x922.png 1536w\" sizes=\"auto, (max-width: 2000px) 100vw, 2000px\" \/><\/p>\n","protected":false},"excerpt":{"rendered":"<p>El alcalde Alfonso S\u00e1nchez Garc\u00eda acompa\u00f1\u00f3 a la gobernadora Lorena Cu\u00e9llar y al titular del INEA Nacional, Armando Contreras Castillo, en la firma del convenio \u00abTlaxcala escribe una nueva historia en alfabetizaci\u00f3n\u00bb. \u270d\ufe0f Este acuerdo fortalece el compromiso de reducir el rezago educativo y brindar m\u00e1s oportunidades de aprendizaje. Desde el Ayuntamiento de Tlaxcala, seguimos [&hellip;]<\/p>\n","protected":false},"author":3,"featured_media":37456,"comment_status":"open","ping_status":"open","sticky":false,"template":"","format":"standard","meta":{"footnotes":""},"categories":[216,214],"tags":[],"class_list":["post-37455","post","type-post","status-publish","format-standard","has-post-thumbnail","hentry","category-municipios","category-tlaxcala-capital"],"amp_enabled":true,"_links":{"self":[{"href":"https:\/\/labestiapolitica.com.mx\/index.php?rest_route=\/wp\/v2\/posts\/37455","targetHints":{"allow":["GET"]}}],"collection":[{"href":"https:\/\/labestiapolitica.com.mx\/index.php?rest_route=\/wp\/v2\/posts"}],"about":[{"href":"https:\/\/labestiapolitica.com.mx\/index.php?rest_route=\/wp\/v2\/types\/post"}],"author":[{"embeddable":true,"href":"https:\/\/labestiapolitica.com.mx\/index.php?rest_route=\/wp\/v2\/users\/3"}],"replies":[{"embeddable":true,"href":"https:\/\/labestiapolitica.com.mx\/index.php?rest_route=%2Fwp%2Fv2%2Fcomments&post=37455"}],"version-history":[{"count":2,"href":"https:\/\/labestiapolitica.com.mx\/index.php?rest_route=\/wp\/v2\/posts\/37455\/revisions"}],"predecessor-version":[{"id":38698,"href":"https:\/\/labestiapolitica.com.mx\/index.php?rest_route=\/wp\/v2\/posts\/37455\/revisions\/38698"}],"wp:featuredmedia":[{"embeddable":true,"href":"https:\/\/labestiapolitica.com.mx\/index.php?rest_route=\/wp\/v2\/media\/37456"}],"wp:attachment":[{"href":"https:\/\/labestiapolitica.com.mx\/index.php?rest_route=%2Fwp%2Fv2%2Fmedia&parent=37455"}],"wp:term":[{"taxonomy":"category","embeddable":true,"href":"https:\/\/labestiapolitica.com.mx\/index.php?rest_route=%2Fwp%2Fv2%2Fcategories&post=37455"},{"taxonomy":"post_tag","embeddable":true,"href":"https:\/\/labestiapolitica.com.mx\/index.php?rest_route=%2Fwp%2Fv2%2Ftags&post=37455"}],"curies":[{"name":"wp","href":"https:\/\/api.w.org\/{rel}","templated":true}]}}