{"id":37460,"date":"2025-02-18T15:31:20","date_gmt":"2025-02-18T21:31:20","guid":{"rendered":"https:\/\/labestiapolitica.com.mx\/?p=37460"},"modified":"2025-02-18T15:33:43","modified_gmt":"2025-02-18T21:33:43","slug":"todavia-estas-a-tiempo-de-participar-en-el-proceso-de-eleccion-de-ninas-y-ninos-para-el-16-parlamento-infantil","status":"publish","type":"post","link":"https:\/\/labestiapolitica.com.mx\/?p=37460","title":{"rendered":"Todav\u00eda est\u00e1s a tiempo de participar en el proceso de elecci\u00f3n de ni\u00f1as y ni\u00f1os para el 16\u00b0 Parlamento Infantil"},"content":{"rendered":"<p style=\"font-weight: 400; text-align: justify;\"><strong>Contin\u00faa proceso de elecci\u00f3n de ni\u00f1as y ni\u00f1os para el<br \/>\n16\u00b0 Parlamento Infantil<\/strong><\/p>\n<p style=\"font-weight: 400; text-align: justify;\"><strong>\u00a0<\/strong><\/p>\n<p style=\"font-weight: 400; text-align: justify;\">La Comisi\u00f3n de Educaci\u00f3n, Cultura, Ciencia y Tecnolog\u00eda (CECCyT), presidida por el diputado H\u00e9ctor Israel Ortiz Ortiz, avanza en el proceso de selecci\u00f3n de los 25 integrantes del 16\u00b0 Parlamento Infantil, tras concluir la primera etapa de la convocatoria. En esta fase, las ni\u00f1as y ni\u00f1os postulados superaron la selecci\u00f3n interna en sus instituciones educativas y formalizaron su inscripci\u00f3n ante la CECCyT.<\/p>\n<p style=\"font-weight: 400; text-align: justify;\">Con el inicio de la segunda etapa, la CECCyT entregar\u00e1 a la Comisi\u00f3n Estatal de Derechos Humanos (CEDH) el listado de 161 aspirantes provenientes de todos los distritos electorales de Tlaxcala. La CEDH se encargar\u00e1 de evaluar y seleccionar a una ni\u00f1a o ni\u00f1o representante por distrito, considerando que sean estudiantes de instituciones ubicadas dentro de la demarcaci\u00f3n que los postula.<\/p>\n<p style=\"font-weight: 400; text-align: justify;\">Como parte del proceso, las y los aspirantes deber\u00e1n superar una prueba de presentaci\u00f3n oral sobre uno de los 17 temas establecidos en la convocatoria. Esta fase concluir\u00e1 a m\u00e1s tardar el 21 de marzo.<\/p>\n<p style=\"font-weight: 400; text-align: justify;\">Posteriormente, la CECCyT continuar\u00e1 con la tercera etapa, que contempla la Asamblea Estatal, en la que se elegir\u00e1n a 15 legisladores infantiles, mientras los 10 restantes ser\u00e1n electos bajo propuesta de los organismos copart\u00edcipes y cumpliendo con las acciones afirmativas que protejan los derechos pol\u00edtico-electorales de las infancias, como el de personas ind\u00edgenas y con discapacidad, paridad de g\u00e9nero y personas migrantes.<\/p>\n<p style=\"font-weight: 400; text-align: justify;\">Una vez concluidas las tres etapas, el 30 de abril se celebrar\u00e1 el D\u00e9cimo Sexto Parlamento Infantil en las instalaciones del Congreso del Estado<\/p>\n","protected":false},"excerpt":{"rendered":"<p>Contin\u00faa proceso de elecci\u00f3n de ni\u00f1as y ni\u00f1os para el 16\u00b0 Parlamento Infantil \u00a0 La Comisi\u00f3n de Educaci\u00f3n, Cultura, Ciencia y Tecnolog\u00eda (CECCyT), presidida por el diputado H\u00e9ctor Israel Ortiz Ortiz, avanza en el proceso de selecci\u00f3n de los 25 integrantes del 16\u00b0 Parlamento Infantil, tras concluir la primera etapa de la convocatoria. En esta [&hellip;]<\/p>\n","protected":false},"author":3,"featured_media":37461,"comment_status":"open","ping_status":"open","sticky":false,"template":"","format":"standard","meta":{"footnotes":""},"categories":[12,224],"tags":[],"class_list":["post-37460","post","type-post","status-publish","format-standard","has-post-thumbnail","hentry","category-brujula-2026","category-congreso-del-estado-de-tlaxcala"],"amp_enabled":true,"_links":{"self":[{"href":"https:\/\/labestiapolitica.com.mx\/index.php?rest_route=\/wp\/v2\/posts\/37460","targetHints":{"allow":["GET"]}}],"collection":[{"href":"https:\/\/labestiapolitica.com.mx\/index.php?rest_route=\/wp\/v2\/posts"}],"about":[{"href":"https:\/\/labestiapolitica.com.mx\/index.php?rest_route=\/wp\/v2\/types\/post"}],"author":[{"embeddable":true,"href":"https:\/\/labestiapolitica.com.mx\/index.php?rest_route=\/wp\/v2\/users\/3"}],"replies":[{"embeddable":true,"href":"https:\/\/labestiapolitica.com.mx\/index.php?rest_route=%2Fwp%2Fv2%2Fcomments&post=37460"}],"version-history":[{"count":2,"href":"https:\/\/labestiapolitica.com.mx\/index.php?rest_route=\/wp\/v2\/posts\/37460\/revisions"}],"predecessor-version":[{"id":37463,"href":"https:\/\/labestiapolitica.com.mx\/index.php?rest_route=\/wp\/v2\/posts\/37460\/revisions\/37463"}],"wp:featuredmedia":[{"embeddable":true,"href":"https:\/\/labestiapolitica.com.mx\/index.php?rest_route=\/wp\/v2\/media\/37461"}],"wp:attachment":[{"href":"https:\/\/labestiapolitica.com.mx\/index.php?rest_route=%2Fwp%2Fv2%2Fmedia&parent=37460"}],"wp:term":[{"taxonomy":"category","embeddable":true,"href":"https:\/\/labestiapolitica.com.mx\/index.php?rest_route=%2Fwp%2Fv2%2Fcategories&post=37460"},{"taxonomy":"post_tag","embeddable":true,"href":"https:\/\/labestiapolitica.com.mx\/index.php?rest_route=%2Fwp%2Fv2%2Ftags&post=37460"}],"curies":[{"name":"wp","href":"https:\/\/api.w.org\/{rel}","templated":true}]}}