{"id":37464,"date":"2025-02-18T15:36:32","date_gmt":"2025-02-18T21:36:32","guid":{"rendered":"https:\/\/labestiapolitica.com.mx\/?p=37464"},"modified":"2025-02-18T15:36:32","modified_gmt":"2025-02-18T21:36:32","slug":"%f0%9f%93%9a-fomentando-el-respeto-y-la-sana-convivencia-en-huamantla-%f0%9f%a4%9d%e2%9c%a8","status":"publish","type":"post","link":"https:\/\/labestiapolitica.com.mx\/?p=37464","title":{"rendered":"\ud83d\udcda Fomentando el respeto y la sana convivencia en Huamantla \ud83e\udd1d\u2728"},"content":{"rendered":"<p style=\"text-align: justify;\" data-start=\"71\" data-end=\"273\">El SMDIF Huamantla llev\u00f3 a cabo <strong data-start=\"103\" data-end=\"145\">pl\u00e1ticas sobre Prevenci\u00f3n del Bullying<\/strong> en secundarias del municipio, impartidas por la <strong data-start=\"194\" data-end=\"265\">Procuradur\u00eda Municipal de Protecci\u00f3n de Ni\u00f1as, Ni\u00f1os y Adolescentes<\/strong>. \ud83c\udfeb\ud83d\udeb8<\/p>\n<p style=\"text-align: justify;\" data-start=\"275\" data-end=\"425\">\ud83d\udccd <strong data-start=\"278\" data-end=\"305\">Escuelas participantes:<\/strong><br data-start=\"305\" data-end=\"308\" \/>\ud83d\udd39 Telesecundaria \u201cFernando Montes de Oca\u201d<br data-start=\"350\" data-end=\"353\" \/>\ud83d\udd39 Telesecundaria \u201cDavid Silva\u201d<br data-start=\"384\" data-end=\"387\" \/>\ud83d\udd39 Secundaria General \u201cMois\u00e9s S\u00e1enz\u201d<\/p>\n<p style=\"text-align: justify;\" data-start=\"427\" data-end=\"594\">Estas charlas buscan <strong data-start=\"448\" data-end=\"540\">sensibilizar a los j\u00f3venes sobre la importancia de reconocer y prevenir el acoso escolar<\/strong>, promoviendo valores de <strong data-start=\"565\" data-end=\"586\">respeto y empat\u00eda<\/strong>. \ud83d\udc99\ud83d\ude4c<\/p>\n<p style=\"text-align: justify;\" data-start=\"596\" data-end=\"847\">\ud83d\udcac La presidenta honor\u00edfica del SMDIF, <strong data-start=\"635\" data-end=\"673\">Mar\u00eda del Roc\u00edo Hern\u00e1ndez Castillo<\/strong>, destac\u00f3 que estas acciones fortalecen la convivencia y la cultura de apoyo en las escuelas. \u00a1Seguimos trabajando para construir un entorno seguro para todas y todos! \ud83d\ude80\ud83c\udf93<\/p>\n<p style=\"text-align: justify;\" data-start=\"849\" data-end=\"912\" data-is-last-node=\"\">#PorAmorAHuamantla #Huamantla #HuamantlaPuebloM\u00e1gico #Educaci\u00f3n<\/p>\n<p data-start=\"849\" data-end=\"912\" data-is-last-node=\"\">\n","protected":false},"excerpt":{"rendered":"<p>El SMDIF Huamantla llev\u00f3 a cabo pl\u00e1ticas sobre Prevenci\u00f3n del Bullying en secundarias del municipio, impartidas por la Procuradur\u00eda Municipal de Protecci\u00f3n de Ni\u00f1as, Ni\u00f1os y Adolescentes. \ud83c\udfeb\ud83d\udeb8 \ud83d\udccd Escuelas participantes:\ud83d\udd39 Telesecundaria \u201cFernando Montes de Oca\u201d\ud83d\udd39 Telesecundaria \u201cDavid Silva\u201d\ud83d\udd39 Secundaria General \u201cMois\u00e9s S\u00e1enz\u201d Estas charlas buscan sensibilizar a los j\u00f3venes sobre la importancia de reconocer [&hellip;]<\/p>\n","protected":false},"author":3,"featured_media":37465,"comment_status":"open","ping_status":"open","sticky":false,"template":"","format":"standard","meta":{"footnotes":""},"categories":[12,216],"tags":[],"class_list":["post-37464","post","type-post","status-publish","format-standard","has-post-thumbnail","hentry","category-brujula-2026","category-municipios"],"amp_enabled":true,"_links":{"self":[{"href":"https:\/\/labestiapolitica.com.mx\/index.php?rest_route=\/wp\/v2\/posts\/37464","targetHints":{"allow":["GET"]}}],"collection":[{"href":"https:\/\/labestiapolitica.com.mx\/index.php?rest_route=\/wp\/v2\/posts"}],"about":[{"href":"https:\/\/labestiapolitica.com.mx\/index.php?rest_route=\/wp\/v2\/types\/post"}],"author":[{"embeddable":true,"href":"https:\/\/labestiapolitica.com.mx\/index.php?rest_route=\/wp\/v2\/users\/3"}],"replies":[{"embeddable":true,"href":"https:\/\/labestiapolitica.com.mx\/index.php?rest_route=%2Fwp%2Fv2%2Fcomments&post=37464"}],"version-history":[{"count":1,"href":"https:\/\/labestiapolitica.com.mx\/index.php?rest_route=\/wp\/v2\/posts\/37464\/revisions"}],"predecessor-version":[{"id":37466,"href":"https:\/\/labestiapolitica.com.mx\/index.php?rest_route=\/wp\/v2\/posts\/37464\/revisions\/37466"}],"wp:featuredmedia":[{"embeddable":true,"href":"https:\/\/labestiapolitica.com.mx\/index.php?rest_route=\/wp\/v2\/media\/37465"}],"wp:attachment":[{"href":"https:\/\/labestiapolitica.com.mx\/index.php?rest_route=%2Fwp%2Fv2%2Fmedia&parent=37464"}],"wp:term":[{"taxonomy":"category","embeddable":true,"href":"https:\/\/labestiapolitica.com.mx\/index.php?rest_route=%2Fwp%2Fv2%2Fcategories&post=37464"},{"taxonomy":"post_tag","embeddable":true,"href":"https:\/\/labestiapolitica.com.mx\/index.php?rest_route=%2Fwp%2Fv2%2Ftags&post=37464"}],"curies":[{"name":"wp","href":"https:\/\/api.w.org\/{rel}","templated":true}]}}