{"id":37472,"date":"2025-02-18T15:45:36","date_gmt":"2025-02-18T21:45:36","guid":{"rendered":"https:\/\/labestiapolitica.com.mx\/?p=37472"},"modified":"2025-02-18T15:45:36","modified_gmt":"2025-02-18T21:45:36","slug":"%f0%9f%9a%94-detienen-en-huamantla-a-sujeto-con-artefacto-tipo-arma-de-fuego-%f0%9f%9a%a8","status":"publish","type":"post","link":"https:\/\/labestiapolitica.com.mx\/?p=37472","title":{"rendered":"\ud83d\ude94 Detienen en Huamantla a sujeto con artefacto tipo arma de fuego \ud83d\udea8"},"content":{"rendered":"<p style=\"text-align: justify;\" data-start=\"77\" data-end=\"260\">Gracias a un <strong data-start=\"90\" data-end=\"111\">reporte ciudadano<\/strong>, elementos de la <strong data-start=\"129\" data-end=\"150\">Polic\u00eda Municipal<\/strong> detuvieron a <strong data-start=\"164\" data-end=\"180\">Jonathan \u201cN\u201d<\/strong>, quien portaba un artefacto con caracter\u00edsticas de arma de fuego sin permiso.<\/p>\n<p style=\"text-align: justify;\" data-start=\"262\" data-end=\"750\">\ud83d\udccd <strong data-start=\"265\" data-end=\"279\">Ubicaci\u00f3n:<\/strong> Calle Negrete, Huamantla.<br data-start=\"305\" data-end=\"308\" \/>\ud83d\uded1 <strong data-start=\"311\" data-end=\"324\">Detalles:<\/strong><br data-start=\"324\" data-end=\"327\" \/>\ud83d\udd38 El sujeto, con <strong data-start=\"345\" data-end=\"379\">chamarra negra y pantal\u00f3n rojo<\/strong>, descendi\u00f3 de una motocicleta <strong data-start=\"410\" data-end=\"419\">Bajaj<\/strong> para participar en una <strong data-start=\"443\" data-end=\"451\">ri\u00f1a<\/strong>.<br data-start=\"452\" data-end=\"455\" \/>\ud83d\udd38 Un ciudadano alert\u00f3 a las autoridades, quienes <strong data-start=\"505\" data-end=\"533\">dispersaron el altercado<\/strong> y detuvieron al sospechoso.<br data-start=\"561\" data-end=\"564\" \/>\ud83d\udd38 El artefacto y la motocicleta fueron <strong data-start=\"604\" data-end=\"618\">asegurados<\/strong>.<br data-start=\"619\" data-end=\"622\" \/>\ud83d\udd38 Jonathan \u201cN\u201d fue puesto a disposici\u00f3n de la <strong data-start=\"669\" data-end=\"712\">Fiscal\u00eda General de Justicia del Estado<\/strong> para determinar su situaci\u00f3n legal.<\/p>\n<p style=\"text-align: justify;\" data-start=\"752\" data-end=\"903\">\ud83d\udc6e\u200d\u2642\ufe0f Con operativos de vigilancia permanentes, la <strong data-start=\"803\" data-end=\"827\">Polic\u00eda de Huamantla<\/strong> reafirma su compromiso con la <strong data-start=\"858\" data-end=\"883\">seguridad y bienestar<\/strong> de la ciudadan\u00eda.<\/p>\n<p style=\"text-align: justify;\" data-start=\"905\" data-end=\"945\" data-is-last-node=\"\">#PorAmorAHuamantla #Huamantla #Seguridad<\/p>\n","protected":false},"excerpt":{"rendered":"<p>Gracias a un reporte ciudadano, elementos de la Polic\u00eda Municipal detuvieron a Jonathan \u201cN\u201d, quien portaba un artefacto con caracter\u00edsticas de arma de fuego sin permiso. \ud83d\udccd Ubicaci\u00f3n: Calle Negrete, Huamantla.\ud83d\uded1 Detalles:\ud83d\udd38 El sujeto, con chamarra negra y pantal\u00f3n rojo, descendi\u00f3 de una motocicleta Bajaj para participar en una ri\u00f1a.\ud83d\udd38 Un ciudadano alert\u00f3 a las [&hellip;]<\/p>\n","protected":false},"author":3,"featured_media":37473,"comment_status":"open","ping_status":"open","sticky":false,"template":"","format":"standard","meta":{"footnotes":""},"categories":[12,216],"tags":[],"class_list":["post-37472","post","type-post","status-publish","format-standard","has-post-thumbnail","hentry","category-brujula-2026","category-municipios"],"amp_enabled":true,"_links":{"self":[{"href":"https:\/\/labestiapolitica.com.mx\/index.php?rest_route=\/wp\/v2\/posts\/37472","targetHints":{"allow":["GET"]}}],"collection":[{"href":"https:\/\/labestiapolitica.com.mx\/index.php?rest_route=\/wp\/v2\/posts"}],"about":[{"href":"https:\/\/labestiapolitica.com.mx\/index.php?rest_route=\/wp\/v2\/types\/post"}],"author":[{"embeddable":true,"href":"https:\/\/labestiapolitica.com.mx\/index.php?rest_route=\/wp\/v2\/users\/3"}],"replies":[{"embeddable":true,"href":"https:\/\/labestiapolitica.com.mx\/index.php?rest_route=%2Fwp%2Fv2%2Fcomments&post=37472"}],"version-history":[{"count":1,"href":"https:\/\/labestiapolitica.com.mx\/index.php?rest_route=\/wp\/v2\/posts\/37472\/revisions"}],"predecessor-version":[{"id":37474,"href":"https:\/\/labestiapolitica.com.mx\/index.php?rest_route=\/wp\/v2\/posts\/37472\/revisions\/37474"}],"wp:featuredmedia":[{"embeddable":true,"href":"https:\/\/labestiapolitica.com.mx\/index.php?rest_route=\/wp\/v2\/media\/37473"}],"wp:attachment":[{"href":"https:\/\/labestiapolitica.com.mx\/index.php?rest_route=%2Fwp%2Fv2%2Fmedia&parent=37472"}],"wp:term":[{"taxonomy":"category","embeddable":true,"href":"https:\/\/labestiapolitica.com.mx\/index.php?rest_route=%2Fwp%2Fv2%2Fcategories&post=37472"},{"taxonomy":"post_tag","embeddable":true,"href":"https:\/\/labestiapolitica.com.mx\/index.php?rest_route=%2Fwp%2Fv2%2Ftags&post=37472"}],"curies":[{"name":"wp","href":"https:\/\/api.w.org\/{rel}","templated":true}]}}