{"id":37475,"date":"2025-02-18T15:54:42","date_gmt":"2025-02-18T21:54:42","guid":{"rendered":"https:\/\/labestiapolitica.com.mx\/?p=37475"},"modified":"2025-03-09T21:35:50","modified_gmt":"2025-03-10T03:35:50","slug":"%f0%9f%8e%97%ef%b8%8f-unidos-por-dayana-tu-ayuda-hace-la-diferencia-%f0%9f%8e%97%ef%b8%8f","status":"publish","type":"post","link":"https:\/\/labestiapolitica.com.mx\/?p=37475","title":{"rendered":"\ud83c\udf97\ufe0f Unidos por Dayana desde Tlaltelulco: \u00a1Tu ayuda hace la diferencia! \ud83c\udf97\ufe0f"},"content":{"rendered":"<p style=\"text-align: justify;\" data-start=\"64\" data-end=\"162\">El <strong data-start=\"67\" data-end=\"114\">H. Ayuntamiento de La Magdalena Tlaltelulco<\/strong> se suma con el coraz\u00f3n a esta noble causa. \ud83c\udf1f<\/p>\n<p style=\"text-align: justify;\" data-start=\"164\" data-end=\"374\">\ud83d\udcc5 <strong data-start=\"167\" data-end=\"202\">Del 18 al 21 de febrero de 2025<\/strong>, tienes la oportunidad de brindar esperanza a <strong data-start=\"249\" data-end=\"284\">Dayana Maritza Mel\u00e9ndez Vallejo<\/strong>, una valiente ni\u00f1a de <strong data-start=\"307\" data-end=\"318\">13 a\u00f1os<\/strong> que enfrenta <strong data-start=\"332\" data-end=\"371\">Leucemia Linfobl\u00e1stica de c\u00e9lulas T<\/strong>.<\/p>\n<p style=\"text-align: justify;\" data-start=\"376\" data-end=\"470\">\ud83d\udc96 <strong data-start=\"379\" data-end=\"403\">\u00bfC\u00f3mo puedes ayudar?<\/strong><br data-start=\"403\" data-end=\"406\" \/>\ud83d\udd39 <strong data-start=\"409\" data-end=\"437\">Dona tapitas de pl\u00e1stico<\/strong> \u267b\ufe0f<br data-start=\"440\" data-end=\"443\" \/>\ud83d\udd39 <strong data-start=\"446\" data-end=\"465\">Aporta despensa<\/strong> \ud83d\uded2<\/p>\n<p style=\"text-align: justify;\" data-start=\"472\" data-end=\"571\">\ud83d\udccd <strong data-start=\"475\" data-end=\"500\">Punto de recolecci\u00f3n:<\/strong><br data-start=\"500\" data-end=\"503\" \/>\ud83d\udccc <strong data-start=\"506\" data-end=\"569\">H. Ayuntamiento de La Magdalena Tlaltelulco (DIF Municipal)<\/strong><\/p>\n<p style=\"text-align: justify;\" data-start=\"573\" data-end=\"646\">\u2728 <strong data-start=\"575\" data-end=\"644\">Cada peque\u00f1o gesto suma. Cada donaci\u00f3n significa una oportunidad.<\/strong><\/p>\n<p style=\"text-align: justify;\" data-start=\"648\" data-end=\"746\">\ud83d\udce2 <strong data-start=\"651\" data-end=\"707\">No olvides acudir el domingo 23 de febrero a apoyar.<\/strong> M\u00e1s detalles en las im\u00e1genes anexas.<\/p>\n<p style=\"text-align: justify;\" data-start=\"748\" data-end=\"801\" data-is-last-node=\"\">#UnidosPorDayana #TuApoyoCuenta #TlaltelulcoSolidario<\/p>\n","protected":false},"excerpt":{"rendered":"<p>El H. Ayuntamiento de La Magdalena Tlaltelulco se suma con el coraz\u00f3n a esta noble causa. \ud83c\udf1f \ud83d\udcc5 Del 18 al 21 de febrero de 2025, tienes la oportunidad de brindar esperanza a Dayana Maritza Mel\u00e9ndez Vallejo, una valiente ni\u00f1a de 13 a\u00f1os que enfrenta Leucemia Linfobl\u00e1stica de c\u00e9lulas T. \ud83d\udc96 \u00bfC\u00f3mo puedes ayudar?\ud83d\udd39 Dona [&hellip;]<\/p>\n","protected":false},"author":3,"featured_media":37476,"comment_status":"open","ping_status":"open","sticky":false,"template":"","format":"standard","meta":{"footnotes":""},"categories":[12,218,216],"tags":[],"class_list":["post-37475","post","type-post","status-publish","format-standard","has-post-thumbnail","hentry","category-brujula-2026","category-la-magdalena-tlaltelulco","category-municipios"],"amp_enabled":true,"_links":{"self":[{"href":"https:\/\/labestiapolitica.com.mx\/index.php?rest_route=\/wp\/v2\/posts\/37475","targetHints":{"allow":["GET"]}}],"collection":[{"href":"https:\/\/labestiapolitica.com.mx\/index.php?rest_route=\/wp\/v2\/posts"}],"about":[{"href":"https:\/\/labestiapolitica.com.mx\/index.php?rest_route=\/wp\/v2\/types\/post"}],"author":[{"embeddable":true,"href":"https:\/\/labestiapolitica.com.mx\/index.php?rest_route=\/wp\/v2\/users\/3"}],"replies":[{"embeddable":true,"href":"https:\/\/labestiapolitica.com.mx\/index.php?rest_route=%2Fwp%2Fv2%2Fcomments&post=37475"}],"version-history":[{"count":2,"href":"https:\/\/labestiapolitica.com.mx\/index.php?rest_route=\/wp\/v2\/posts\/37475\/revisions"}],"predecessor-version":[{"id":38697,"href":"https:\/\/labestiapolitica.com.mx\/index.php?rest_route=\/wp\/v2\/posts\/37475\/revisions\/38697"}],"wp:featuredmedia":[{"embeddable":true,"href":"https:\/\/labestiapolitica.com.mx\/index.php?rest_route=\/wp\/v2\/media\/37476"}],"wp:attachment":[{"href":"https:\/\/labestiapolitica.com.mx\/index.php?rest_route=%2Fwp%2Fv2%2Fmedia&parent=37475"}],"wp:term":[{"taxonomy":"category","embeddable":true,"href":"https:\/\/labestiapolitica.com.mx\/index.php?rest_route=%2Fwp%2Fv2%2Fcategories&post=37475"},{"taxonomy":"post_tag","embeddable":true,"href":"https:\/\/labestiapolitica.com.mx\/index.php?rest_route=%2Fwp%2Fv2%2Ftags&post=37475"}],"curies":[{"name":"wp","href":"https:\/\/api.w.org\/{rel}","templated":true}]}}