{"id":37495,"date":"2025-02-18T17:15:29","date_gmt":"2025-02-18T23:15:29","guid":{"rendered":"https:\/\/labestiapolitica.com.mx\/?p=37495"},"modified":"2025-02-18T19:52:49","modified_gmt":"2025-02-19T01:52:49","slug":"instala-gobernadora-comision-interinstitucional-para-erradicar-el-trabajo-infantil-en-tlaxcala","status":"publish","type":"post","link":"https:\/\/labestiapolitica.com.mx\/?p=37495","title":{"rendered":"Instala gobernadora comisi\u00f3n interinstitucional para erradicar el trabajo infantil en #Tlaxcala"},"content":{"rendered":"<p>*Llam\u00f3 a dependencias, organizaciones, comunidades y ciudadanos a asumir un compromiso \u00e9tico y social para garantizar los derechos de la ni\u00f1ez y adolescencia<\/p>\n<p>La gobernadora Lorena Cu\u00e9llar Cisneros llam\u00f3 a las dependencias, organizaciones y ciudadanos a asumir un compromiso \u00e9tico y social para erradicar el trabajo infantil y garantizar que la ni\u00f1ez y la adolescencia crezcan en un entorno seguro y sus derechos sean plenamente respetados.<\/p>\n<p>\u00abLa erradicaci\u00f3n del trabajo infantil es un compromiso que va m\u00e1s all\u00e1 de la voluntad pol\u00edtica, los derechos de la ni\u00f1ez y la adolescencia en Tlaxcala\u00bb, afirm\u00f3 la mandataria estatal en su mensaje, despu\u00e9s de tomar protesta a los integrantes de la Comisi\u00f3n Interinstitucional para la Erradicaci\u00f3n del Trabajo Infantil y la Protecci\u00f3n de Adolescentes Trabajadores en Edad Permitida en el Estado de Tlaxcala.<\/p>\n<p>Resalt\u00f3 que su administraci\u00f3n ha actuado con contundencia y la entidad registra avances significativos, pues la tasa de trabajo infantil se redujo de 13.9 por ciento en 2019 a 10 por ciento en 2022, de acuerdo con datos del Instituto Nacional de Estad\u00edstica y Geograf\u00eda (INEGI). Mientras, la ocupaci\u00f3n no permitida, disminuy\u00f3 dos puntos porcentuales en el mismo periodo.<\/p>\n<p>Adem\u00e1s, dijo que Tlaxcala es el primer estado del pa\u00eds en contar con una Procuradur\u00eda de Protecci\u00f3n para Ni\u00f1as, Ni\u00f1os y Adolescentes en cada uno de los 60 municipios y se impulsan programas de alimentaci\u00f3n, salud, educaci\u00f3n y de apoyo social, que fortalecen la econom\u00eda familiar y garantizan el acceso a servicios b\u00e1sicos, que permiten que ocho de cada diez hogares tengan apoyo del gobierno.<\/p>\n<p>Lament\u00f3 que pese a estos logros, a\u00fan persisten miles de casos de ni\u00f1as, ni\u00f1os y adolescentes trabajando en condiciones vulnerables, por lo que llam\u00f3 a todos los involucrados a redoblar esfuerzos e implementar pol\u00edticas p\u00fablicas integrales y con perspectiva de g\u00e9nero, en las que no solo se atienda a estos sectores sino a las familias para que encuentren alternativas viables y sostenibles que les permitan vivir dignamente, sin tener que sacrificar el futuro de sus hijos.<\/p>\n<p>\u00abEstos logros no deben hacernos perder de vista que a\u00fan hay miles de ni\u00f1as y ni\u00f1os y adolescentes que trabajan en condiciones de vulnerabilidad, principalmente en el sector agr\u00edcola y en labores dom\u00e9sticas invisibilizadas, lo que afecta mayoritariamente a ni\u00f1as y mujeres, por lo que una de las labores imperantes de esta comisi\u00f3n tambi\u00e9n ser\u00e1 considerar pol\u00edticas y acciones espec\u00edficas con perspectiva de g\u00e9nero\u00bb, enfatiz\u00f3.<\/p>\n<p>\u00abEstoy convencida de que con esfuerzo coordinado lograremos avanzar hacia un estado donde la dignidad, la justicia y la igualdad sean una realidad para todas y todos\u00bb, coment\u00f3 al refrendar el compromiso de su gobierno de seguir trabajando para erradicar esta pr\u00e1ctica.<\/p>\n<p>En su intervenci\u00f3n, el secretario del Trabajo y Competitividad (STyC), No\u00e9 Altamirano Islas, subray\u00f3 que la instalaci\u00f3n de esta comisi\u00f3n refleja el compromiso de la gobernadora Lorena Cu\u00e9llar Cisneros de proteger a las infancias tlaxcaltecas, cuyo objetivo es el de coordinar esfuerzos interinstitucionales para prevenir y erradicar el trabajo infantil, garantizando que ninguna ni\u00f1a o ni\u00f1o sea obligado a trabajar en condiciones que atenten contra su dignidad, salud o educaci\u00f3n. Adem\u00e1s, se buscar\u00e1 cerrar brechas de desigualdad y proteger el desarrollo integral de la infancia.<\/p>\n<p>\u00abLa instalaci\u00f3n de esta comisi\u00f3n no es solo un acto protocolario, sino un paso firme en el compromiso del gobierno del estado con la dignidad y el bienestar de la infancia y la adolescencia tlaxcalteca\u00bb, sostuvo el funcionario en el Sal\u00f3n Rojo del Palacio de Gobierno.<\/p>\n<p>La comisi\u00f3n est\u00e1 integrada por los titulares de la Secretar\u00eda de Gobierno, del Sistema Estatal para el Desarrollo Integral de la Familia (Sedif), de la Fiscal\u00eda General de Justicia del Estado, de las Secretar\u00edas de Seguridad Ciudadana, de Salud, de Bienestar, de la Universidad Aut\u00f3noma de Tlaxcala (UATx), y organizaciones sindicales, entre otros.<\/p>\n","protected":false},"excerpt":{"rendered":"<p>*Llam\u00f3 a dependencias, organizaciones, comunidades y ciudadanos a asumir un compromiso \u00e9tico y social para garantizar los derechos de la ni\u00f1ez y adolescencia La gobernadora Lorena Cu\u00e9llar Cisneros llam\u00f3 a las dependencias, organizaciones y ciudadanos a asumir un compromiso \u00e9tico y social para erradicar el trabajo infantil y garantizar que la ni\u00f1ez y la adolescencia [&hellip;]<\/p>\n","protected":false},"author":3,"featured_media":37496,"comment_status":"open","ping_status":"open","sticky":false,"template":"","format":"standard","meta":{"footnotes":""},"categories":[7,236],"tags":[],"class_list":["post-37495","post","type-post","status-publish","format-standard","has-post-thumbnail","hentry","category-ciudadanos","category-gobierno-de-tlaxcala"],"amp_enabled":true,"_links":{"self":[{"href":"https:\/\/labestiapolitica.com.mx\/index.php?rest_route=\/wp\/v2\/posts\/37495","targetHints":{"allow":["GET"]}}],"collection":[{"href":"https:\/\/labestiapolitica.com.mx\/index.php?rest_route=\/wp\/v2\/posts"}],"about":[{"href":"https:\/\/labestiapolitica.com.mx\/index.php?rest_route=\/wp\/v2\/types\/post"}],"author":[{"embeddable":true,"href":"https:\/\/labestiapolitica.com.mx\/index.php?rest_route=\/wp\/v2\/users\/3"}],"replies":[{"embeddable":true,"href":"https:\/\/labestiapolitica.com.mx\/index.php?rest_route=%2Fwp%2Fv2%2Fcomments&post=37495"}],"version-history":[{"count":1,"href":"https:\/\/labestiapolitica.com.mx\/index.php?rest_route=\/wp\/v2\/posts\/37495\/revisions"}],"predecessor-version":[{"id":37497,"href":"https:\/\/labestiapolitica.com.mx\/index.php?rest_route=\/wp\/v2\/posts\/37495\/revisions\/37497"}],"wp:featuredmedia":[{"embeddable":true,"href":"https:\/\/labestiapolitica.com.mx\/index.php?rest_route=\/wp\/v2\/media\/37496"}],"wp:attachment":[{"href":"https:\/\/labestiapolitica.com.mx\/index.php?rest_route=%2Fwp%2Fv2%2Fmedia&parent=37495"}],"wp:term":[{"taxonomy":"category","embeddable":true,"href":"https:\/\/labestiapolitica.com.mx\/index.php?rest_route=%2Fwp%2Fv2%2Fcategories&post=37495"},{"taxonomy":"post_tag","embeddable":true,"href":"https:\/\/labestiapolitica.com.mx\/index.php?rest_route=%2Fwp%2Fv2%2Ftags&post=37495"}],"curies":[{"name":"wp","href":"https:\/\/api.w.org\/{rel}","templated":true}]}}