{"id":37602,"date":"2025-02-19T22:17:12","date_gmt":"2025-02-20T04:17:12","guid":{"rendered":"https:\/\/labestiapolitica.com.mx\/?p=37602"},"modified":"2025-02-19T22:17:12","modified_gmt":"2025-02-20T04:17:12","slug":"continua-alfonso-sanchez-recorriendo-las-comunidades-de-tlaxcala-a-traves-de-las-jornadas-para-el-bienestar","status":"publish","type":"post","link":"https:\/\/labestiapolitica.com.mx\/?p=37602","title":{"rendered":"Contin\u00faa Alfonso S\u00e1nchez recorriendo las comunidades de Tlaxcala a trav\u00e9s de las Jornadas para el Bienestar"},"content":{"rendered":"<ul>\n<li style=\"text-align: justify;\">Los beneficios de la estrategia \u00abJuntos por el Bien de Todos\u00bb para erradicar la pobreza extrema, llegaron a los ciudadanos de San Lucas Cuauhtelulpan<\/li>\n<\/ul>\n<p style=\"text-align: justify;\">Como parte del compromiso del Ayuntamiento de Tlaxcala para mejorar la calidad de vida de la poblaci\u00f3n, el presidente municipal Alfonso S\u00e1nchez Garc\u00eda contin\u00faa sus recorridos por las comunidades del municipio, acercando directamente a la ciudadan\u00eda los beneficios de la estrategia \u00abJuntos por el Bien de Todos\u00bb.<\/p>\n<p style=\"text-align: justify;\">Esta iniciativa est\u00e1 enfocada en combatir la pobreza extrema y garantizar el acceso a servicios b\u00e1sicos a quienes m\u00e1s lo necesitan.<\/p>\n<p style=\"text-align: justify;\">En esta ocasi\u00f3n, las \u00abJornadas para el Bienestar\u00bb llegaron a la comunidad de San Lucas Cuauhtelulpan, donde las y los residentes pudieron acceder a la afiliaci\u00f3n de programas sociales impulsados por los gobiernos estatal y federal.<\/p>\n<p style=\"text-align: justify;\">Adem\u00e1s, se ofrecieron servicios gratuitos como consultas m\u00e9dicas generales, consulta dental, nutrici\u00f3n, asesor\u00edas jur\u00eddicas y psicol\u00f3gicas por parte del Instituto Municipal de la Mujer (IMM), as\u00ed como la atenci\u00f3n de un m\u00f3dulo del Registro Civil para la tramitaci\u00f3n de copias certificadas y correcciones en actas de nacimiento.<\/p>\n<p style=\"text-align: justify;\">\nDurante su mensaje a la comunidad, el presidente municipal Alfonso S\u00e1nchez destac\u00f3 que estas jornadas tienen el objetivo de reducir los \u00edndices de pobreza en el municipio y dotar de servicios y programas a las y los habitantes en situaciones vulnerables.<\/p>\n<p style=\"text-align: justify;\">\u00abHoy llegamos hasta aqu\u00ed para traerles los servicios estatales y federales, garantiz\u00e1ndoles el acceso a la salud, educaci\u00f3n, servicios p\u00fablicos y alimentaci\u00f3n que, como mexicanas y mexicanos, les corresponden\u00bb, remarc\u00f3 el alcalde.<\/p>\n<p style=\"text-align: justify;\">Como parte de esta jornada en Cuauhtelulpan, el presidente municipal, junto con representantes de las instituciones participantes, entreg\u00f3 tarjetas de afiliaci\u00f3n al programa \u00abBienestar para tu Salud\u00bb, que permitir\u00e1n a la poblaci\u00f3n acceder a servicios m\u00e9dicos y laboratorios gratuitos en la unidad reci\u00e9n inaugurada en la capital por la gobernadora Lorena Cu\u00e9llar.<\/p>\n<p style=\"text-align: justify;\">En el marco de estas ferias de servicios, Alfonso S\u00e1nchez atendi\u00f3 de manera personal a las y los ciudadanos de Cuauhtelulpan a trav\u00e9s de audiencias p\u00fablicas, reafirmando su compromiso de atender sus peticiones y necesidades.<\/p>\n<p style=\"text-align: justify;\">\u00abVamos a regresar las veces que sea necesario a cada una de las comunidades para escribir juntos una historia de bienestar y justicia social para todas y todos\u00bb, finaliz\u00f3 S\u00e1nchez Garc\u00eda.<\/p>\n<p>&nbsp;<\/p>\n<p>&nbsp;<\/p>\n<p><img loading=\"lazy\" decoding=\"async\" class=\"alignnone size-full wp-image-28405\" src=\"https:\/\/labestiapolitica.com.mx\/wp-content\/uploads\/2024\/06\/U-NOVA-y-se-diferente.png\" alt=\"\" width=\"1000\" height=\"600\" srcset=\"https:\/\/labestiapolitica.com.mx\/wp-content\/uploads\/2024\/06\/U-NOVA-y-se-diferente.png 1000w, https:\/\/labestiapolitica.com.mx\/wp-content\/uploads\/2024\/06\/U-NOVA-y-se-diferente-300x180.png 300w, https:\/\/labestiapolitica.com.mx\/wp-content\/uploads\/2024\/06\/U-NOVA-y-se-diferente-768x461.png 768w\" sizes=\"auto, (max-width: 1000px) 100vw, 1000px\" \/><\/p>\n","protected":false},"excerpt":{"rendered":"<p>Los beneficios de la estrategia \u00abJuntos por el Bien de Todos\u00bb para erradicar la pobreza extrema, llegaron a los ciudadanos de San Lucas Cuauhtelulpan Como parte del compromiso del Ayuntamiento de Tlaxcala para mejorar la calidad de vida de la poblaci\u00f3n, el presidente municipal Alfonso S\u00e1nchez Garc\u00eda contin\u00faa sus recorridos por las comunidades del municipio, [&hellip;]<\/p>\n","protected":false},"author":3,"featured_media":37603,"comment_status":"open","ping_status":"open","sticky":false,"template":"","format":"standard","meta":{"footnotes":""},"categories":[7,216,214],"tags":[],"class_list":["post-37602","post","type-post","status-publish","format-standard","has-post-thumbnail","hentry","category-ciudadanos","category-municipios","category-tlaxcala-capital"],"amp_enabled":true,"_links":{"self":[{"href":"https:\/\/labestiapolitica.com.mx\/index.php?rest_route=\/wp\/v2\/posts\/37602","targetHints":{"allow":["GET"]}}],"collection":[{"href":"https:\/\/labestiapolitica.com.mx\/index.php?rest_route=\/wp\/v2\/posts"}],"about":[{"href":"https:\/\/labestiapolitica.com.mx\/index.php?rest_route=\/wp\/v2\/types\/post"}],"author":[{"embeddable":true,"href":"https:\/\/labestiapolitica.com.mx\/index.php?rest_route=\/wp\/v2\/users\/3"}],"replies":[{"embeddable":true,"href":"https:\/\/labestiapolitica.com.mx\/index.php?rest_route=%2Fwp%2Fv2%2Fcomments&post=37602"}],"version-history":[{"count":1,"href":"https:\/\/labestiapolitica.com.mx\/index.php?rest_route=\/wp\/v2\/posts\/37602\/revisions"}],"predecessor-version":[{"id":37604,"href":"https:\/\/labestiapolitica.com.mx\/index.php?rest_route=\/wp\/v2\/posts\/37602\/revisions\/37604"}],"wp:featuredmedia":[{"embeddable":true,"href":"https:\/\/labestiapolitica.com.mx\/index.php?rest_route=\/wp\/v2\/media\/37603"}],"wp:attachment":[{"href":"https:\/\/labestiapolitica.com.mx\/index.php?rest_route=%2Fwp%2Fv2%2Fmedia&parent=37602"}],"wp:term":[{"taxonomy":"category","embeddable":true,"href":"https:\/\/labestiapolitica.com.mx\/index.php?rest_route=%2Fwp%2Fv2%2Fcategories&post=37602"},{"taxonomy":"post_tag","embeddable":true,"href":"https:\/\/labestiapolitica.com.mx\/index.php?rest_route=%2Fwp%2Fv2%2Ftags&post=37602"}],"curies":[{"name":"wp","href":"https:\/\/api.w.org\/{rel}","templated":true}]}}