{"id":37605,"date":"2025-02-19T22:20:25","date_gmt":"2025-02-20T04:20:25","guid":{"rendered":"https:\/\/labestiapolitica.com.mx\/?p=37605"},"modified":"2025-02-19T22:20:25","modified_gmt":"2025-02-20T04:20:25","slug":"zacatelco-implementa-fructiferas-actividades-para-la-eliminacion-de-estereotipos-en-adultos-mayores","status":"publish","type":"post","link":"https:\/\/labestiapolitica.com.mx\/?p=37605","title":{"rendered":"Zacatelco implementa fruct\u00edferas actividades para la eliminaci\u00f3n de estereotipos en adultos mayores."},"content":{"rendered":"<p style=\"text-align: justify;\">Desde el Instituto Municipal de Atenci\u00f3n al Adulto Mayor de Zacatelco, bajo la direcci\u00f3n de la Profesora Virgilia Gochez P\u00e9rez, se est\u00e1n llevando a cabo acciones destinadas a mejorar la autoestima y confianza de las personas de la tercera edad. Recientemente, se imparti\u00f3 una pl\u00e1tica titulada \u201cEstereotipos sobre las personas adultas\u201d, complementada con una jornada de servicios de belleza, que incluy\u00f3 manicure, pedicura y cortes de cabello, en colaboraci\u00f3n con la Academia Profesional de Belleza \u201cPrincesa M\u00eda\u201d.<\/p>\n<p style=\"text-align: justify;\">La Profesora Gochez destac\u00f3: \u201cEs fundamental que nuestros adultos mayores reciban la atenci\u00f3n que merecen. Debemos deshacernos de la idea err\u00f3nea de que ya no desean cuidarse, de que no socializan o de que no disfrutan de celebrar y divertirse. Nuestro presidente Miguel Acatzi Luna, apoya estas iniciativas para elevar su autoestima y fomentar un ambiente saludable donde puedan convivir y disfrutar de esta etapa de sus vidas\u201d.<\/p>\n<p style=\"text-align: justify;\">Adem\u00e1s, la licenciada en Gerontolog\u00eda Social Ariana P\u00e9rez Matlalcuatzi, ofreci\u00f3 una charla en la que desmont\u00f3 varios mitos asociados a los adultos mayores, tales como la creencia de que solo disfrutan del danz\u00f3n, que pierden creatividad con la edad o que son dependientes y no saben utilizar tecnolog\u00eda. Se enfatiz\u00f3 que la vejez es simplemente una etapa de la vida y no debe ser vista como un estilo de vida. Estos prejuicios pueden llevar a tratos injustos, exclusi\u00f3n y afectar negativamente la autoestima de nuestros adultos mayores.<\/p>\n<p style=\"text-align: justify;\">Como parte de las actividades, las abuelitas disfrutaron de una jornada de belleza proporcionada por la Academia \u201cPrincesa M\u00eda\u201d, que les ofreci\u00f3 un trato especial con servicios de manicure, depilaci\u00f3n de cejas y cortes de cabello. Estas actividades son completamente gratuitas y crean un ambiente significativo que contribuye a su bienestar.<\/p>\n<p style=\"text-align: justify;\">La directora Virigilia Gochez P\u00e9rez tambi\u00e9n hizo un reconocimiento p\u00fablico al presidente de Zacatelco, Jos\u00e9 Miguel Acatzi Luna, por su compromiso en brindar atenci\u00f3n digna a los adultos mayores, asegurando que durante su administraci\u00f3n se les ofrecer\u00e1 un trato que mejore su calidad de vida.<\/p>\n<p style=\"text-align: justify;\">El gobierno municipal 2024-2027 contin\u00faa trabajando en pro del bienestar de los adultos mayores, rompiendo estereotipos que han afectado su calidad de vida y fomentando una sociedad en la que sean respetados y escuchados de manera digna.<\/p>\n<p>&nbsp;<\/p>\n<p><img loading=\"lazy\" decoding=\"async\" class=\"alignnone size-full wp-image-28405\" src=\"https:\/\/labestiapolitica.com.mx\/wp-content\/uploads\/2024\/06\/U-NOVA-y-se-diferente.png\" alt=\"\" width=\"1000\" height=\"600\" srcset=\"https:\/\/labestiapolitica.com.mx\/wp-content\/uploads\/2024\/06\/U-NOVA-y-se-diferente.png 1000w, https:\/\/labestiapolitica.com.mx\/wp-content\/uploads\/2024\/06\/U-NOVA-y-se-diferente-300x180.png 300w, https:\/\/labestiapolitica.com.mx\/wp-content\/uploads\/2024\/06\/U-NOVA-y-se-diferente-768x461.png 768w\" sizes=\"auto, (max-width: 1000px) 100vw, 1000px\" \/><\/p>\n","protected":false},"excerpt":{"rendered":"<p>Desde el Instituto Municipal de Atenci\u00f3n al Adulto Mayor de Zacatelco, bajo la direcci\u00f3n de la Profesora Virgilia Gochez P\u00e9rez, se est\u00e1n llevando a cabo acciones destinadas a mejorar la autoestima y confianza de las personas de la tercera edad. Recientemente, se imparti\u00f3 una pl\u00e1tica titulada \u201cEstereotipos sobre las personas adultas\u201d, complementada con una jornada [&hellip;]<\/p>\n","protected":false},"author":3,"featured_media":37606,"comment_status":"open","ping_status":"open","sticky":false,"template":"","format":"standard","meta":{"footnotes":""},"categories":[7,216,217],"tags":[],"class_list":["post-37605","post","type-post","status-publish","format-standard","has-post-thumbnail","hentry","category-ciudadanos","category-municipios","category-zacatelco"],"amp_enabled":true,"_links":{"self":[{"href":"https:\/\/labestiapolitica.com.mx\/index.php?rest_route=\/wp\/v2\/posts\/37605","targetHints":{"allow":["GET"]}}],"collection":[{"href":"https:\/\/labestiapolitica.com.mx\/index.php?rest_route=\/wp\/v2\/posts"}],"about":[{"href":"https:\/\/labestiapolitica.com.mx\/index.php?rest_route=\/wp\/v2\/types\/post"}],"author":[{"embeddable":true,"href":"https:\/\/labestiapolitica.com.mx\/index.php?rest_route=\/wp\/v2\/users\/3"}],"replies":[{"embeddable":true,"href":"https:\/\/labestiapolitica.com.mx\/index.php?rest_route=%2Fwp%2Fv2%2Fcomments&post=37605"}],"version-history":[{"count":1,"href":"https:\/\/labestiapolitica.com.mx\/index.php?rest_route=\/wp\/v2\/posts\/37605\/revisions"}],"predecessor-version":[{"id":37607,"href":"https:\/\/labestiapolitica.com.mx\/index.php?rest_route=\/wp\/v2\/posts\/37605\/revisions\/37607"}],"wp:featuredmedia":[{"embeddable":true,"href":"https:\/\/labestiapolitica.com.mx\/index.php?rest_route=\/wp\/v2\/media\/37606"}],"wp:attachment":[{"href":"https:\/\/labestiapolitica.com.mx\/index.php?rest_route=%2Fwp%2Fv2%2Fmedia&parent=37605"}],"wp:term":[{"taxonomy":"category","embeddable":true,"href":"https:\/\/labestiapolitica.com.mx\/index.php?rest_route=%2Fwp%2Fv2%2Fcategories&post=37605"},{"taxonomy":"post_tag","embeddable":true,"href":"https:\/\/labestiapolitica.com.mx\/index.php?rest_route=%2Fwp%2Fv2%2Ftags&post=37605"}],"curies":[{"name":"wp","href":"https:\/\/api.w.org\/{rel}","templated":true}]}}