{"id":37880,"date":"2025-02-25T12:40:39","date_gmt":"2025-02-25T18:40:39","guid":{"rendered":"https:\/\/labestiapolitica.com.mx\/?p=37880"},"modified":"2025-03-11T22:36:28","modified_gmt":"2025-03-12T04:36:28","slug":"emiliano-zapata-inaugura-su-primera-clinica-de-las-emociones-para-fortalecer-la-salud-mental","status":"publish","type":"post","link":"https:\/\/labestiapolitica.com.mx\/?p=37880","title":{"rendered":"Emiliano Zapata inaugura su primera Cl\u00ednica de las Emociones para fortalecer la salud mental"},"content":{"rendered":"<p data-start=\"100\" data-end=\"369\">En un paso hist\u00f3rico para el bienestar de la comunidad, el Ayuntamiento de Emiliano Zapata inaugur\u00f3 la primera <strong data-start=\"239\" data-end=\"267\">Cl\u00ednica de las Emociones<\/strong>, un espacio dedicado a brindar atenci\u00f3n psicol\u00f3gica y herramientas de apoyo a quienes lo necesiten.<\/p>\n<p data-start=\"371\" data-end=\"694\">Este proyecto fue posible gracias al respaldo de la gobernadora Lorena Cu\u00e9llar Cisneros, en coordinaci\u00f3n con el Sistema Estatal para el Desarrollo Integral de la Familia (SEDIF) y su presidenta honor\u00edfica, Mariana Espinosa de los Monteros, quienes han impulsado acciones clave para atender la salud emocional en Tlaxcala.<\/p>\n<p data-start=\"696\" data-end=\"1051\">Durante la inauguraci\u00f3n, el presidente municipal, Edgar Mac\u00edas Moreno, destac\u00f3 la relevancia de este centro de atenci\u00f3n especializada: <strong data-start=\"831\" data-end=\"1039\">\u00abHoy damos un gran paso en favor del bienestar de nuestra comunidad. La salud mental es fundamental y, con esta cl\u00ednica, buscamos garantizar un municipio m\u00e1s fuerte y con mayores oportunidades para todos\u00bb<\/strong>, expres\u00f3.<\/p>\n<p data-start=\"1053\" data-end=\"1401\">El evento cont\u00f3 con la presencia de autoridades estatales y municipales, entre ellas Mar\u00eda Noem\u00ed Romano Galaviz, presidenta honor\u00edfica del SMDIF Emiliano Zapata; Alejandra Vargas, jefa del Departamento de Atenci\u00f3n a la Salud Mental de SEDIF Tlaxcala; y Miguel \u00c1ngel Ram\u00edrez Palacio, jefe de oficina de Salud Mental y Adicciones de SEDIF Tlaxcala.<\/p>\n<p data-start=\"1403\" data-end=\"1656\" data-is-last-node=\"\" data-is-only-node=\"\">La <strong data-start=\"1406\" data-end=\"1434\">Cl\u00ednica de las Emociones<\/strong> brindar\u00e1 atenci\u00f3n psicol\u00f3gica y acompa\u00f1amiento a personas de todas las edades, promoviendo el bienestar social y reafirmando el compromiso del gobierno municipal con la salud mental y la calidad de vida de sus habitantes.<\/p>\n","protected":false},"excerpt":{"rendered":"<p>En un paso hist\u00f3rico para el bienestar de la comunidad, el Ayuntamiento de Emiliano Zapata inaugur\u00f3 la primera Cl\u00ednica de las Emociones, un espacio dedicado a brindar atenci\u00f3n psicol\u00f3gica y herramientas de apoyo a quienes lo necesiten. Este proyecto fue posible gracias al respaldo de la gobernadora Lorena Cu\u00e9llar Cisneros, en coordinaci\u00f3n con el Sistema [&hellip;]<\/p>\n","protected":false},"author":3,"featured_media":37881,"comment_status":"open","ping_status":"open","sticky":false,"template":"","format":"standard","meta":{"footnotes":""},"categories":[236,216],"tags":[],"class_list":["post-37880","post","type-post","status-publish","format-standard","has-post-thumbnail","hentry","category-gobierno-de-tlaxcala","category-municipios"],"amp_enabled":true,"_links":{"self":[{"href":"https:\/\/labestiapolitica.com.mx\/index.php?rest_route=\/wp\/v2\/posts\/37880","targetHints":{"allow":["GET"]}}],"collection":[{"href":"https:\/\/labestiapolitica.com.mx\/index.php?rest_route=\/wp\/v2\/posts"}],"about":[{"href":"https:\/\/labestiapolitica.com.mx\/index.php?rest_route=\/wp\/v2\/types\/post"}],"author":[{"embeddable":true,"href":"https:\/\/labestiapolitica.com.mx\/index.php?rest_route=\/wp\/v2\/users\/3"}],"replies":[{"embeddable":true,"href":"https:\/\/labestiapolitica.com.mx\/index.php?rest_route=%2Fwp%2Fv2%2Fcomments&post=37880"}],"version-history":[{"count":1,"href":"https:\/\/labestiapolitica.com.mx\/index.php?rest_route=\/wp\/v2\/posts\/37880\/revisions"}],"predecessor-version":[{"id":37882,"href":"https:\/\/labestiapolitica.com.mx\/index.php?rest_route=\/wp\/v2\/posts\/37880\/revisions\/37882"}],"wp:featuredmedia":[{"embeddable":true,"href":"https:\/\/labestiapolitica.com.mx\/index.php?rest_route=\/wp\/v2\/media\/37881"}],"wp:attachment":[{"href":"https:\/\/labestiapolitica.com.mx\/index.php?rest_route=%2Fwp%2Fv2%2Fmedia&parent=37880"}],"wp:term":[{"taxonomy":"category","embeddable":true,"href":"https:\/\/labestiapolitica.com.mx\/index.php?rest_route=%2Fwp%2Fv2%2Fcategories&post=37880"},{"taxonomy":"post_tag","embeddable":true,"href":"https:\/\/labestiapolitica.com.mx\/index.php?rest_route=%2Fwp%2Fv2%2Ftags&post=37880"}],"curies":[{"name":"wp","href":"https:\/\/api.w.org\/{rel}","templated":true}]}}