{"id":37911,"date":"2025-02-25T15:02:34","date_gmt":"2025-02-25T21:02:34","guid":{"rendered":"https:\/\/labestiapolitica.com.mx\/?p=37911"},"modified":"2025-03-11T22:35:18","modified_gmt":"2025-03-12T04:35:18","slug":"%f0%9f%93%a2-jornada-de-vacunacion-antirrabica-canina-y-felina-en-zacatelco-%f0%9f%90%b6%f0%9f%90%b1%f0%9f%8f%a5%f0%9f%92%89","status":"publish","type":"post","link":"https:\/\/labestiapolitica.com.mx\/?p=37911","title":{"rendered":"\ud83d\udce2 Jornada de Vacunaci\u00f3n Antirr\u00e1bica Canina y Felina en Zacatelco \ud83d\udc36\ud83d\udc31\ud83c\udfe5\ud83d\udc89"},"content":{"rendered":"<p style=\"text-align: justify;\" data-start=\"176\" data-end=\"426\">El <strong data-start=\"179\" data-end=\"214\">Gobierno Municipal de Zacatelco<\/strong>, en coordinaci\u00f3n con el <strong data-start=\"239\" data-end=\"256\">DIF Municipal<\/strong>, invita a la ciudadan\u00eda a participar en la <strong data-start=\"300\" data-end=\"337\">Jornada de Vacunaci\u00f3n Antirr\u00e1bica<\/strong>, una acci\u00f3n fundamental para la prevenci\u00f3n de la rabia y el bienestar de las mascotas.<\/p>\n<p style=\"text-align: justify;\" data-start=\"428\" data-end=\"546\">\ud83d\udcc5 <strong data-start=\"431\" data-end=\"441\">Fecha:<\/strong> Mi\u00e9rcoles 26 de febrero<br data-start=\"465\" data-end=\"468\" \/>\ud83d\udccd <strong data-start=\"471\" data-end=\"481\">Lugar:<\/strong> Parque Infantil de Exquitla<br data-start=\"509\" data-end=\"512\" \/>\u23f0 <strong data-start=\"514\" data-end=\"526\">Horario:<\/strong> 10:00 a 13:00 hrs<\/p>\n<p style=\"text-align: justify;\" data-start=\"548\" data-end=\"845\">\ud83d\udc89 <strong data-start=\"551\" data-end=\"599\">\u00bfPor qu\u00e9 es importante vacunar a tu mascota?<\/strong><br data-start=\"599\" data-end=\"602\" \/>\u2705 La rabia es una enfermedad viral mortal que afecta a animales y humanos.<br data-start=\"676\" data-end=\"679\" \/>\u2705 La vacunaci\u00f3n es la mejor forma de prevenirla y garantizar la seguridad de la comunidad.<br data-start=\"769\" data-end=\"772\" \/>\u2705 Es un requisito para mantener a las mascotas protegidas y saludables.<\/p>\n<p style=\"text-align: justify;\" data-start=\"847\" data-end=\"1004\">Se invita a las y los due\u00f1os de mascotas a acudir con sus perros y gatos para recibir la vacuna gratuita. <strong data-start=\"953\" data-end=\"997\">Protegerlos es responsabilidad de todos.<\/strong> \ud83d\udc3e\u2764\ufe0f<\/p>\n<p style=\"text-align: justify;\" data-start=\"1006\" data-end=\"1114\">#ZacatelcoFuerteYSeguro #LaBestiaPoliticaZacatelco<br data-start=\"1056\" data-end=\"1059\" \/>@Zacatelco Fuerte y Seguro<br data-start=\"1085\" data-end=\"1088\" \/>@Jos\u00e9 Miguel Acatzi Luna<\/p>\n","protected":false},"excerpt":{"rendered":"<p>El Gobierno Municipal de Zacatelco, en coordinaci\u00f3n con el DIF Municipal, invita a la ciudadan\u00eda a participar en la Jornada de Vacunaci\u00f3n Antirr\u00e1bica, una acci\u00f3n fundamental para la prevenci\u00f3n de la rabia y el bienestar de las mascotas. \ud83d\udcc5 Fecha: Mi\u00e9rcoles 26 de febrero\ud83d\udccd Lugar: Parque Infantil de Exquitla\u23f0 Horario: 10:00 a 13:00 hrs \ud83d\udc89 [&hellip;]<\/p>\n","protected":false},"author":3,"featured_media":37912,"comment_status":"open","ping_status":"open","sticky":false,"template":"","format":"standard","meta":{"footnotes":""},"categories":[12,216,217],"tags":[],"class_list":["post-37911","post","type-post","status-publish","format-standard","has-post-thumbnail","hentry","category-brujula-2026","category-municipios","category-zacatelco"],"amp_enabled":true,"_links":{"self":[{"href":"https:\/\/labestiapolitica.com.mx\/index.php?rest_route=\/wp\/v2\/posts\/37911","targetHints":{"allow":["GET"]}}],"collection":[{"href":"https:\/\/labestiapolitica.com.mx\/index.php?rest_route=\/wp\/v2\/posts"}],"about":[{"href":"https:\/\/labestiapolitica.com.mx\/index.php?rest_route=\/wp\/v2\/types\/post"}],"author":[{"embeddable":true,"href":"https:\/\/labestiapolitica.com.mx\/index.php?rest_route=\/wp\/v2\/users\/3"}],"replies":[{"embeddable":true,"href":"https:\/\/labestiapolitica.com.mx\/index.php?rest_route=%2Fwp%2Fv2%2Fcomments&post=37911"}],"version-history":[{"count":1,"href":"https:\/\/labestiapolitica.com.mx\/index.php?rest_route=\/wp\/v2\/posts\/37911\/revisions"}],"predecessor-version":[{"id":37913,"href":"https:\/\/labestiapolitica.com.mx\/index.php?rest_route=\/wp\/v2\/posts\/37911\/revisions\/37913"}],"wp:featuredmedia":[{"embeddable":true,"href":"https:\/\/labestiapolitica.com.mx\/index.php?rest_route=\/wp\/v2\/media\/37912"}],"wp:attachment":[{"href":"https:\/\/labestiapolitica.com.mx\/index.php?rest_route=%2Fwp%2Fv2%2Fmedia&parent=37911"}],"wp:term":[{"taxonomy":"category","embeddable":true,"href":"https:\/\/labestiapolitica.com.mx\/index.php?rest_route=%2Fwp%2Fv2%2Fcategories&post=37911"},{"taxonomy":"post_tag","embeddable":true,"href":"https:\/\/labestiapolitica.com.mx\/index.php?rest_route=%2Fwp%2Fv2%2Ftags&post=37911"}],"curies":[{"name":"wp","href":"https:\/\/api.w.org\/{rel}","templated":true}]}}