{"id":37914,"date":"2025-02-25T15:07:42","date_gmt":"2025-02-25T21:07:42","guid":{"rendered":"https:\/\/labestiapolitica.com.mx\/?p=37914"},"modified":"2025-03-10T22:35:49","modified_gmt":"2025-03-11T04:35:49","slug":"aun-hay-tiempo-itj-extiende-convocatoria-juventud-viajera-hasta-el-7-de-marzo","status":"publish","type":"post","link":"https:\/\/labestiapolitica.com.mx\/?p=37914","title":{"rendered":"\u00a1A\u00fan hay tiempo! ITJ extiende convocatoria \u00abJuventud Viajera\u00bb hasta el 7 de marzo"},"content":{"rendered":"<p data-start=\"165\" data-end=\"478\">El Instituto Tlaxcalteca de la Juventud (ITJ) ampli\u00f3 el plazo de registro para el programa <strong data-start=\"256\" data-end=\"304\">Tlaxcaltecas por el Mundo \u201cJuventud Viajera\u201d<\/strong>, brindando a m\u00e1s j\u00f3venes la oportunidad de viajar al extranjero y vivir una experiencia de voluntariado. Ahora, los interesados podr\u00e1n inscribirse hasta el <strong data-start=\"461\" data-end=\"475\">7 de marzo<\/strong>.<\/p>\n<p data-start=\"480\" data-end=\"854\">Para difundir la convocatoria, el ITJ ha visitado universidades y realizado actividades informativas en instituciones como la <strong data-start=\"606\" data-end=\"753\">Polit\u00e9cnica de Tlaxcala (UPTx), del Valle de Tlaxcala (UVT), Metropolitana, del Altiplano, Libre de Derecho, ISIMA, Aut\u00f3noma de Tlaxcala (UATx)<\/strong>, el <strong data-start=\"758\" data-end=\"802\">Instituto Tecnol\u00f3gico Superior de Tlaxco<\/strong> y el <strong data-start=\"808\" data-end=\"851\">Centro de Rehabilitaci\u00f3n Integral (CRI)<\/strong>.<\/p>\n<p data-start=\"856\" data-end=\"1268\">Los seleccionados podr\u00e1n realizar un voluntariado internacional de entre <strong data-start=\"929\" data-end=\"954\">1 y 4 semanas en 2025<\/strong>, en pa\u00edses como <strong data-start=\"971\" data-end=\"1100\">Alemania, Austria, B\u00e9lgica, Espa\u00f1a, Francia, Italia, Jap\u00f3n, Corea del Sur, Estados Unidos, Canad\u00e1, Argentina, Colombia y Per\u00fa<\/strong>, entre otros. Adem\u00e1s, podr\u00e1n elegir entre m\u00e1s de <strong data-start=\"1150\" data-end=\"1166\">150 opciones<\/strong> en \u00e1reas culturales, deportivas y ambientales, con la posibilidad de mejorar su dominio del ingl\u00e9s.<\/p>\n<p data-start=\"1270\" data-end=\"1483\" data-is-only-node=\"\">El ITJ invita a los j\u00f3venes tlaxcaltecas de <strong data-start=\"1314\" data-end=\"1330\">18 a 30 a\u00f1os<\/strong> a conocer los detalles de la convocatoria y registrarse en: <a href=\"https:\/\/linktr.ee\/ITJTlax\" target=\"_new\" rel=\"noopener\" data-start=\"1391\" data-end=\"1445\">https:\/\/linktr.ee\/ITJTlax<\/a> o en la p\u00e1gina de Facebook del ITJ.<\/p>\n","protected":false},"excerpt":{"rendered":"<p>El Instituto Tlaxcalteca de la Juventud (ITJ) ampli\u00f3 el plazo de registro para el programa Tlaxcaltecas por el Mundo \u201cJuventud Viajera\u201d, brindando a m\u00e1s j\u00f3venes la oportunidad de viajar al extranjero y vivir una experiencia de voluntariado. Ahora, los interesados podr\u00e1n inscribirse hasta el 7 de marzo. Para difundir la convocatoria, el ITJ ha visitado [&hellip;]<\/p>\n","protected":false},"author":3,"featured_media":37918,"comment_status":"open","ping_status":"open","sticky":false,"template":"","format":"standard","meta":{"footnotes":""},"categories":[12,236],"tags":[],"class_list":["post-37914","post","type-post","status-publish","format-standard","has-post-thumbnail","hentry","category-brujula-2026","category-gobierno-de-tlaxcala"],"amp_enabled":true,"_links":{"self":[{"href":"https:\/\/labestiapolitica.com.mx\/index.php?rest_route=\/wp\/v2\/posts\/37914","targetHints":{"allow":["GET"]}}],"collection":[{"href":"https:\/\/labestiapolitica.com.mx\/index.php?rest_route=\/wp\/v2\/posts"}],"about":[{"href":"https:\/\/labestiapolitica.com.mx\/index.php?rest_route=\/wp\/v2\/types\/post"}],"author":[{"embeddable":true,"href":"https:\/\/labestiapolitica.com.mx\/index.php?rest_route=\/wp\/v2\/users\/3"}],"replies":[{"embeddable":true,"href":"https:\/\/labestiapolitica.com.mx\/index.php?rest_route=%2Fwp%2Fv2%2Fcomments&post=37914"}],"version-history":[{"count":1,"href":"https:\/\/labestiapolitica.com.mx\/index.php?rest_route=\/wp\/v2\/posts\/37914\/revisions"}],"predecessor-version":[{"id":37919,"href":"https:\/\/labestiapolitica.com.mx\/index.php?rest_route=\/wp\/v2\/posts\/37914\/revisions\/37919"}],"wp:featuredmedia":[{"embeddable":true,"href":"https:\/\/labestiapolitica.com.mx\/index.php?rest_route=\/wp\/v2\/media\/37918"}],"wp:attachment":[{"href":"https:\/\/labestiapolitica.com.mx\/index.php?rest_route=%2Fwp%2Fv2%2Fmedia&parent=37914"}],"wp:term":[{"taxonomy":"category","embeddable":true,"href":"https:\/\/labestiapolitica.com.mx\/index.php?rest_route=%2Fwp%2Fv2%2Fcategories&post=37914"},{"taxonomy":"post_tag","embeddable":true,"href":"https:\/\/labestiapolitica.com.mx\/index.php?rest_route=%2Fwp%2Fv2%2Ftags&post=37914"}],"curies":[{"name":"wp","href":"https:\/\/api.w.org\/{rel}","templated":true}]}}