{"id":37915,"date":"2025-02-25T15:07:09","date_gmt":"2025-02-25T21:07:09","guid":{"rendered":"https:\/\/labestiapolitica.com.mx\/?p=37915"},"modified":"2025-03-10T22:36:03","modified_gmt":"2025-03-11T04:36:03","slug":"%f0%9f%8c%85%f0%9f%93%b8-exposicion-del-fotografo-osvaldo-cantero-sandre-en-zacatelco","status":"publish","type":"post","link":"https:\/\/labestiapolitica.com.mx\/?p=37915","title":{"rendered":"\ud83c\udf05\ud83d\udcf8 Exposici\u00f3n del fot\u00f3grafo Osvaldo Cantero Sandre en Zacatelco"},"content":{"rendered":"<p style=\"text-align: justify;\" data-start=\"163\" data-end=\"333\">El <strong data-start=\"166\" data-end=\"201\">Gobierno Municipal de Zacatelco<\/strong> recibi\u00f3 la visita del reconocido fot\u00f3grafo de paisajes <strong data-start=\"257\" data-end=\"283\">Osvaldo Cantero Sandre<\/strong>, galardonado en m\u00faltiples concursos nacionales.<\/p>\n<p style=\"text-align: justify;\" data-start=\"335\" data-end=\"586\">Durante una charla con j\u00f3venes de la <strong data-start=\"372\" data-end=\"405\">Telesecundaria Miguel N. Lira<\/strong>, el fot\u00f3grafo comparti\u00f3 su trayectoria, experiencias y desaf\u00edos en la b\u00fasqueda de sus sue\u00f1os y metas, inspirando a las nuevas generaciones a explorar el arte de la fotograf\u00eda. \ud83c\udf1f<\/p>\n<p style=\"text-align: justify;\" data-start=\"588\" data-end=\"831\">\ud83d\udccd <strong data-start=\"591\" data-end=\"624\">Exposici\u00f3n abierta al p\u00fablico<\/strong><br data-start=\"624\" data-end=\"627\" \/>Gracias a la gesti\u00f3n del <strong data-start=\"652\" data-end=\"690\">cronista municipal, Guillermo Luna<\/strong>, las impresionantes obras de Osvaldo Cantero Sandre pueden ser apreciadas en la parte exterior de la <strong data-start=\"792\" data-end=\"828\">Galer\u00eda de Arte \u201cDomingo Arenas\u201d<\/strong>.<\/p>\n<p style=\"text-align: justify;\" data-start=\"833\" data-end=\"938\">\ud83d\udd39 Se invita a la ciudadan\u00eda a disfrutar de esta exhibici\u00f3n y conocer el talento detr\u00e1s de cada imagen.<\/p>\n<p style=\"text-align: justify;\" data-start=\"940\" data-end=\"1048\">#ZacatelcoFuerteySeguro #LaBestiaPoliticaZacatelco<br data-start=\"990\" data-end=\"993\" \/>@Zacatelco Fuerte y Seguro<br data-start=\"1019\" data-end=\"1022\" \/>@Jos\u00e9 Miguel Acatzi Luna<\/p>\n<p data-start=\"940\" data-end=\"1048\">\n","protected":false},"excerpt":{"rendered":"<p>El Gobierno Municipal de Zacatelco recibi\u00f3 la visita del reconocido fot\u00f3grafo de paisajes Osvaldo Cantero Sandre, galardonado en m\u00faltiples concursos nacionales. Durante una charla con j\u00f3venes de la Telesecundaria Miguel N. Lira, el fot\u00f3grafo comparti\u00f3 su trayectoria, experiencias y desaf\u00edos en la b\u00fasqueda de sus sue\u00f1os y metas, inspirando a las nuevas generaciones a explorar [&hellip;]<\/p>\n","protected":false},"author":3,"featured_media":37916,"comment_status":"open","ping_status":"open","sticky":false,"template":"","format":"standard","meta":{"footnotes":""},"categories":[12,216,217],"tags":[],"class_list":["post-37915","post","type-post","status-publish","format-standard","has-post-thumbnail","hentry","category-brujula-2026","category-municipios","category-zacatelco"],"amp_enabled":true,"_links":{"self":[{"href":"https:\/\/labestiapolitica.com.mx\/index.php?rest_route=\/wp\/v2\/posts\/37915","targetHints":{"allow":["GET"]}}],"collection":[{"href":"https:\/\/labestiapolitica.com.mx\/index.php?rest_route=\/wp\/v2\/posts"}],"about":[{"href":"https:\/\/labestiapolitica.com.mx\/index.php?rest_route=\/wp\/v2\/types\/post"}],"author":[{"embeddable":true,"href":"https:\/\/labestiapolitica.com.mx\/index.php?rest_route=\/wp\/v2\/users\/3"}],"replies":[{"embeddable":true,"href":"https:\/\/labestiapolitica.com.mx\/index.php?rest_route=%2Fwp%2Fv2%2Fcomments&post=37915"}],"version-history":[{"count":1,"href":"https:\/\/labestiapolitica.com.mx\/index.php?rest_route=\/wp\/v2\/posts\/37915\/revisions"}],"predecessor-version":[{"id":37917,"href":"https:\/\/labestiapolitica.com.mx\/index.php?rest_route=\/wp\/v2\/posts\/37915\/revisions\/37917"}],"wp:featuredmedia":[{"embeddable":true,"href":"https:\/\/labestiapolitica.com.mx\/index.php?rest_route=\/wp\/v2\/media\/37916"}],"wp:attachment":[{"href":"https:\/\/labestiapolitica.com.mx\/index.php?rest_route=%2Fwp%2Fv2%2Fmedia&parent=37915"}],"wp:term":[{"taxonomy":"category","embeddable":true,"href":"https:\/\/labestiapolitica.com.mx\/index.php?rest_route=%2Fwp%2Fv2%2Fcategories&post=37915"},{"taxonomy":"post_tag","embeddable":true,"href":"https:\/\/labestiapolitica.com.mx\/index.php?rest_route=%2Fwp%2Fv2%2Ftags&post=37915"}],"curies":[{"name":"wp","href":"https:\/\/api.w.org\/{rel}","templated":true}]}}