{"id":37921,"date":"2025-02-25T15:30:32","date_gmt":"2025-02-25T21:30:32","guid":{"rendered":"https:\/\/labestiapolitica.com.mx\/?p=37921"},"modified":"2025-02-25T15:30:32","modified_gmt":"2025-02-25T21:30:32","slug":"tlaxcala-y-puebla-refuerzan-lazos-con-nuevo-distribuidor-vial-que-beneficiara-a-miles-de-ciudadanos","status":"publish","type":"post","link":"https:\/\/labestiapolitica.com.mx\/?p=37921","title":{"rendered":"#Tlaxcala y #Puebla refuerzan lazos con nuevo distribuidor vial que beneficiar\u00e1 a miles de ciudadanos"},"content":{"rendered":"<p style=\"text-align: justify;\" data-start=\"107\" data-end=\"430\">La gobernadora de <strong data-start=\"170\" data-end=\"207\">Tlaxcala, Lorena Cu\u00e9llar Cisneros<\/strong>, y su hom\u00f3logo de <strong data-start=\"226\" data-end=\"260\">Puebla, Alejandro Armenta Mier<\/strong>, inauguraron el <strong data-start=\"277\" data-end=\"314\">distribuidor vial Puebla-Tlaxcala<\/strong>, una obra clave que mejorar\u00e1 la movilidad de miles de habitantes que transitan diariamente entre ambas entidades.<\/p>\n<p style=\"text-align: justify;\" data-start=\"432\" data-end=\"870\">Cu\u00e9llar Cisneros destac\u00f3 que este proyecto es el resultado de una visi\u00f3n de <strong data-start=\"508\" data-end=\"534\">prosperidad compartida<\/strong> y reconoci\u00f3 la sensibilidad del exgobernador <strong data-start=\"580\" data-end=\"617\">Sergio Salom\u00f3n C\u00e9spedes Peregrina<\/strong> por atender una necesidad de movilidad no solo para Puebla, sino tambi\u00e9n para miles de tlaxcaltecas. Con esta infraestructura, se reducir\u00e1 hasta <strong data-start=\"763\" data-end=\"777\">20 minutos<\/strong> el tiempo de traslado, facilitando la conectividad y el desarrollo econ\u00f3mico de la regi\u00f3n.<\/p>\n<p style=\"text-align: justify;\" data-start=\"872\" data-end=\"1136\"><em data-start=\"872\" data-end=\"1106\">\u00abEste distribuidor es un ejemplo del trabajo en unidad que genera bienestar. Seguimos fortaleciendo la relaci\u00f3n con Puebla, firmando convenios en materia de seguridad, desarrollo econ\u00f3mico, ordenamiento territorial y medio ambiente\u00bb<\/em>, enfatiz\u00f3 Cu\u00e9llar Cisneros.<\/p>\n<p style=\"text-align: justify;\" data-start=\"1138\" data-end=\"1497\">Por su parte, el gobernador <strong data-start=\"1166\" data-end=\"1187\">Alejandro Armenta<\/strong> subray\u00f3 que este tipo de proyectos trascienden administraciones y se alinean con la visi\u00f3n de la <strong data-start=\"1285\" data-end=\"1310\">Cuarta Transformaci\u00f3n<\/strong>, consolidando un trabajo coordinado en seguridad que ya ha dado <strong data-start=\"1375\" data-end=\"1405\">resultados extraordinarios<\/strong> en la detenci\u00f3n de delincuentes de alto impacto en la zona lim\u00edtrofe entre ambos estados.<\/p>\n<p style=\"text-align: justify;\" data-start=\"1499\" data-end=\"1817\">A su vez, el exgobernador <strong data-start=\"1525\" data-end=\"1552\">Sergio Salom\u00f3n C\u00e9spedes<\/strong> resalt\u00f3 la importancia de esta obra para mejorar la calidad de vida y el desarrollo de Puebla y Tlaxcala, mientras que el alcalde de <strong data-start=\"1686\" data-end=\"1730\">Coronango, Armando Filem\u00f3n Aguirre Amaro<\/strong>, celebr\u00f3 la colaboraci\u00f3n entre ambos gobiernos como un ejemplo de progreso y unidad.<\/p>\n<p style=\"text-align: justify;\" data-start=\"1819\" data-end=\"2033\" data-is-last-node=\"\" data-is-only-node=\"\">El evento cont\u00f3 con la presencia de funcionarios estatales, legisladores y presidentes municipales de ambas entidades, quienes coincidieron en que esta obra marca un antes y un despu\u00e9s en la movilidad de la regi\u00f3n.<\/p>\n","protected":false},"excerpt":{"rendered":"<p>La gobernadora de Tlaxcala, Lorena Cu\u00e9llar Cisneros, y su hom\u00f3logo de Puebla, Alejandro Armenta Mier, inauguraron el distribuidor vial Puebla-Tlaxcala, una obra clave que mejorar\u00e1 la movilidad de miles de habitantes que transitan diariamente entre ambas entidades. Cu\u00e9llar Cisneros destac\u00f3 que este proyecto es el resultado de una visi\u00f3n de prosperidad compartida y reconoci\u00f3 la [&hellip;]<\/p>\n","protected":false},"author":3,"featured_media":37922,"comment_status":"open","ping_status":"open","sticky":false,"template":"","format":"standard","meta":{"footnotes":""},"categories":[12,236],"tags":[],"class_list":["post-37921","post","type-post","status-publish","format-standard","has-post-thumbnail","hentry","category-brujula-2026","category-gobierno-de-tlaxcala"],"amp_enabled":true,"_links":{"self":[{"href":"https:\/\/labestiapolitica.com.mx\/index.php?rest_route=\/wp\/v2\/posts\/37921","targetHints":{"allow":["GET"]}}],"collection":[{"href":"https:\/\/labestiapolitica.com.mx\/index.php?rest_route=\/wp\/v2\/posts"}],"about":[{"href":"https:\/\/labestiapolitica.com.mx\/index.php?rest_route=\/wp\/v2\/types\/post"}],"author":[{"embeddable":true,"href":"https:\/\/labestiapolitica.com.mx\/index.php?rest_route=\/wp\/v2\/users\/3"}],"replies":[{"embeddable":true,"href":"https:\/\/labestiapolitica.com.mx\/index.php?rest_route=%2Fwp%2Fv2%2Fcomments&post=37921"}],"version-history":[{"count":1,"href":"https:\/\/labestiapolitica.com.mx\/index.php?rest_route=\/wp\/v2\/posts\/37921\/revisions"}],"predecessor-version":[{"id":37923,"href":"https:\/\/labestiapolitica.com.mx\/index.php?rest_route=\/wp\/v2\/posts\/37921\/revisions\/37923"}],"wp:featuredmedia":[{"embeddable":true,"href":"https:\/\/labestiapolitica.com.mx\/index.php?rest_route=\/wp\/v2\/media\/37922"}],"wp:attachment":[{"href":"https:\/\/labestiapolitica.com.mx\/index.php?rest_route=%2Fwp%2Fv2%2Fmedia&parent=37921"}],"wp:term":[{"taxonomy":"category","embeddable":true,"href":"https:\/\/labestiapolitica.com.mx\/index.php?rest_route=%2Fwp%2Fv2%2Fcategories&post=37921"},{"taxonomy":"post_tag","embeddable":true,"href":"https:\/\/labestiapolitica.com.mx\/index.php?rest_route=%2Fwp%2Fv2%2Ftags&post=37921"}],"curies":[{"name":"wp","href":"https:\/\/api.w.org\/{rel}","templated":true}]}}