{"id":37938,"date":"2025-02-25T19:08:34","date_gmt":"2025-02-26T01:08:34","guid":{"rendered":"https:\/\/labestiapolitica.com.mx\/?p=37938"},"modified":"2025-02-25T19:08:34","modified_gmt":"2025-02-26T01:08:34","slug":"abren-convocatoria-para-el-premio-bellas-artes-de-literatura-tlaxcala-en-lenguas-indigenas-2025","status":"publish","type":"post","link":"https:\/\/labestiapolitica.com.mx\/?p=37938","title":{"rendered":"Abren convocatoria para el Premio Bellas Artes de Literatura Tlaxcala en Lenguas Ind\u00edgenas 2025"},"content":{"rendered":"<p style=\"text-align: justify;\" data-start=\"103\" data-end=\"408\">Por primera vez, el Gobierno de M\u00e9xico, a trav\u00e9s de la <strong data-start=\"194\" data-end=\"219\">Secretar\u00eda de Cultura<\/strong>, el <strong data-start=\"224\" data-end=\"283\">Instituto Nacional de Bellas Artes y Literatura (INBAL)<\/strong> y el Gobierno del Estado de Tlaxcala, convoca al <strong data-start=\"333\" data-end=\"405\">Premio Bellas Artes de Literatura Tlaxcala en Lenguas Ind\u00edgenas 2025<\/strong>.<\/p>\n<p style=\"text-align: justify;\" data-start=\"410\" data-end=\"718\">Este certamen est\u00e1 dirigido a escritoras y escritores <strong data-start=\"464\" data-end=\"508\">mayores de 18 a\u00f1os, residentes en M\u00e9xico<\/strong>, que presenten una obra in\u00e9dita en <strong data-start=\"544\" data-end=\"597\">cualquiera de las 68 lenguas ind\u00edgenas nacionales<\/strong>. Se aceptar\u00e1n trabajos en poes\u00eda, cuento, novela, cr\u00f3nica, ensayo creativo, minificci\u00f3n, dramaturgia o tradici\u00f3n oral.<\/p>\n<p style=\"text-align: justify;\" data-start=\"720\" data-end=\"1078\">Las postulaciones se recibir\u00e1n en la <strong data-start=\"757\" data-end=\"821\">Plataforma Digital de los Premios Bellas Artes de Literatura<\/strong> hasta el <strong data-start=\"831\" data-end=\"885\">16 de mayo de 2025 a las 13:00 h (hora de la CDMX)<\/strong>. El jurado, conformado por especialistas en literatura, deliberar\u00e1 en julio y el resultado se dar\u00e1 a conocer en agosto. La obra ganadora recibir\u00e1 un <strong data-start=\"1035\" data-end=\"1075\">premio de 200 mil pesos y un diploma<\/strong>.<\/p>\n<p style=\"text-align: justify;\" data-start=\"1080\" data-end=\"1370\" data-is-last-node=\"\" data-is-only-node=\"\">Las bases completas pueden consultarse en los sitios web de la <strong data-start=\"1143\" data-end=\"1168\">Secretar\u00eda de Cultura<\/strong>, el <strong data-start=\"1173\" data-end=\"1182\">INBAL<\/strong>, la <strong data-start=\"1187\" data-end=\"1194\">CNL<\/strong> y la <strong data-start=\"1200\" data-end=\"1237\">Secretar\u00eda de Cultura de Tlaxcala<\/strong>. Para m\u00e1s informaci\u00f3n, las personas interesadas pueden escribir a <strong data-start=\"1304\" data-end=\"1339\"><a rel=\"noopener\" data-start=\"1306\" data-end=\"1337\">despacho@culturatlaxcala.com.mx<\/a><\/strong> y <strong data-start=\"1342\" data-end=\"1369\"><a rel=\"noopener\" data-start=\"1344\" data-end=\"1367\">premios.cnl@inba.gob.mx<\/a><\/strong>.<\/p>\n","protected":false},"excerpt":{"rendered":"<p>Por primera vez, el Gobierno de M\u00e9xico, a trav\u00e9s de la Secretar\u00eda de Cultura, el Instituto Nacional de Bellas Artes y Literatura (INBAL) y el Gobierno del Estado de Tlaxcala, convoca al Premio Bellas Artes de Literatura Tlaxcala en Lenguas Ind\u00edgenas 2025. Este certamen est\u00e1 dirigido a escritoras y escritores mayores de 18 a\u00f1os, residentes [&hellip;]<\/p>\n","protected":false},"author":3,"featured_media":37939,"comment_status":"open","ping_status":"open","sticky":false,"template":"","format":"standard","meta":{"footnotes":""},"categories":[12],"tags":[],"class_list":["post-37938","post","type-post","status-publish","format-standard","has-post-thumbnail","hentry","category-brujula-2026"],"amp_enabled":true,"_links":{"self":[{"href":"https:\/\/labestiapolitica.com.mx\/index.php?rest_route=\/wp\/v2\/posts\/37938","targetHints":{"allow":["GET"]}}],"collection":[{"href":"https:\/\/labestiapolitica.com.mx\/index.php?rest_route=\/wp\/v2\/posts"}],"about":[{"href":"https:\/\/labestiapolitica.com.mx\/index.php?rest_route=\/wp\/v2\/types\/post"}],"author":[{"embeddable":true,"href":"https:\/\/labestiapolitica.com.mx\/index.php?rest_route=\/wp\/v2\/users\/3"}],"replies":[{"embeddable":true,"href":"https:\/\/labestiapolitica.com.mx\/index.php?rest_route=%2Fwp%2Fv2%2Fcomments&post=37938"}],"version-history":[{"count":1,"href":"https:\/\/labestiapolitica.com.mx\/index.php?rest_route=\/wp\/v2\/posts\/37938\/revisions"}],"predecessor-version":[{"id":37940,"href":"https:\/\/labestiapolitica.com.mx\/index.php?rest_route=\/wp\/v2\/posts\/37938\/revisions\/37940"}],"wp:featuredmedia":[{"embeddable":true,"href":"https:\/\/labestiapolitica.com.mx\/index.php?rest_route=\/wp\/v2\/media\/37939"}],"wp:attachment":[{"href":"https:\/\/labestiapolitica.com.mx\/index.php?rest_route=%2Fwp%2Fv2%2Fmedia&parent=37938"}],"wp:term":[{"taxonomy":"category","embeddable":true,"href":"https:\/\/labestiapolitica.com.mx\/index.php?rest_route=%2Fwp%2Fv2%2Fcategories&post=37938"},{"taxonomy":"post_tag","embeddable":true,"href":"https:\/\/labestiapolitica.com.mx\/index.php?rest_route=%2Fwp%2Fv2%2Ftags&post=37938"}],"curies":[{"name":"wp","href":"https:\/\/api.w.org\/{rel}","templated":true}]}}