{"id":37941,"date":"2025-02-25T19:14:30","date_gmt":"2025-02-26T01:14:30","guid":{"rendered":"https:\/\/labestiapolitica.com.mx\/?p=37941"},"modified":"2025-02-25T19:14:30","modified_gmt":"2025-02-26T01:14:30","slug":"secretaria-de-bienestar-sensibiliza-sobre-el-impacto-de-los-implantes-cocleares","status":"publish","type":"post","link":"https:\/\/labestiapolitica.com.mx\/?p=37941","title":{"rendered":"Secretar\u00eda de Bienestar sensibiliza sobre el impacto de los implantes cocleares"},"content":{"rendered":"<p style=\"text-align: justify;\" data-start=\"87\" data-end=\"465\">En el marco del <strong data-start=\"139\" data-end=\"181\">D\u00eda Internacional del Implante Coclear<\/strong>, la <strong data-start=\"186\" data-end=\"213\">Secretar\u00eda de Bienestar<\/strong> organiz\u00f3 una pl\u00e1tica informativa impartida por especialistas de la <strong data-start=\"281\" data-end=\"311\">Secretar\u00eda de Salud (SESA)<\/strong>, con el objetivo de sensibilizar a servidores p\u00fablicos sobre la importancia de estos dispositivos en la vida de las personas con discapacidad auditiva.<\/p>\n<p style=\"text-align: justify;\" data-start=\"467\" data-end=\"769\">Durante la charla, se destac\u00f3 que el <strong data-start=\"504\" data-end=\"524\">implante coclear<\/strong> es una innovaci\u00f3n tecnol\u00f3gica que ha permitido que muchas personas recuperen la audici\u00f3n y mejoren su calidad de vida. Adem\u00e1s, se hizo un llamado a fomentar la inclusi\u00f3n de quienes padecen discapacidad auditiva en el entorno social y laboral.<\/p>\n<p style=\"text-align: justify;\" data-start=\"771\" data-end=\"1310\">Los temas abordados incluyeron:<br data-start=\"802\" data-end=\"805\" \/>\ud83d\udd39 <strong data-start=\"808\" data-end=\"842\">\u00ab\u00bfQu\u00e9 es el implante coclear?\u00bb<\/strong> por la Dra. \u00c1frica Aguilar Bola\u00f1os, audi\u00f3loga del programa de Tamiz Auditivo Neonatal.<br data-start=\"929\" data-end=\"932\" \/>\ud83d\udd39 <strong data-start=\"935\" data-end=\"966\">\u00abCandidatura y seguimiento\u00bb<\/strong>, expuesto por las trabajadoras sociales Elizabeth Rodr\u00edguez Montes y Carmen P\u00e9rez, del Hospital de la Mujer.<br data-start=\"1075\" data-end=\"1078\" \/>\ud83d\udd39 <strong data-start=\"1081\" data-end=\"1148\">\u00abAcompa\u00f1amiento a la familia para una buena toma de decisiones\u00bb<\/strong>, a cargo de la psic\u00f3loga Mariana Nava Mart\u00ednez, jefa de Psicolog\u00eda del Hospital de la Mujer.<br data-start=\"1241\" data-end=\"1244\" \/>\ud83d\udd39 <strong data-start=\"1247\" data-end=\"1265\">Casos de \u00e9xito<\/strong>, presentados por Edna Luc\u00eda Loyo Castillo.<\/p>\n<p style=\"text-align: justify;\" data-start=\"1312\" data-end=\"1670\" data-is-last-node=\"\" data-is-only-node=\"\">Desde 2023, la <strong data-start=\"1327\" data-end=\"1362\">Direcci\u00f3n de Bienestar Integral<\/strong> impulsa acciones de informaci\u00f3n y sensibilizaci\u00f3n sobre este tema. En la pl\u00e1tica participaron representantes de la <strong data-start=\"1478\" data-end=\"1523\">Beneficencia P\u00fablica de Tlaxcala (APBPET)<\/strong> y otras \u00e1reas clave, quienes son el primer contacto con las personas que solicitan implantes cocleares y facilitan su acceso a estos dispositivos.<\/p>\n","protected":false},"excerpt":{"rendered":"<p>En el marco del D\u00eda Internacional del Implante Coclear, la Secretar\u00eda de Bienestar organiz\u00f3 una pl\u00e1tica informativa impartida por especialistas de la Secretar\u00eda de Salud (SESA), con el objetivo de sensibilizar a servidores p\u00fablicos sobre la importancia de estos dispositivos en la vida de las personas con discapacidad auditiva. Durante la charla, se destac\u00f3 que [&hellip;]<\/p>\n","protected":false},"author":3,"featured_media":37942,"comment_status":"open","ping_status":"open","sticky":false,"template":"","format":"standard","meta":{"footnotes":""},"categories":[12,236],"tags":[],"class_list":["post-37941","post","type-post","status-publish","format-standard","has-post-thumbnail","hentry","category-brujula-2026","category-gobierno-de-tlaxcala"],"amp_enabled":true,"_links":{"self":[{"href":"https:\/\/labestiapolitica.com.mx\/index.php?rest_route=\/wp\/v2\/posts\/37941","targetHints":{"allow":["GET"]}}],"collection":[{"href":"https:\/\/labestiapolitica.com.mx\/index.php?rest_route=\/wp\/v2\/posts"}],"about":[{"href":"https:\/\/labestiapolitica.com.mx\/index.php?rest_route=\/wp\/v2\/types\/post"}],"author":[{"embeddable":true,"href":"https:\/\/labestiapolitica.com.mx\/index.php?rest_route=\/wp\/v2\/users\/3"}],"replies":[{"embeddable":true,"href":"https:\/\/labestiapolitica.com.mx\/index.php?rest_route=%2Fwp%2Fv2%2Fcomments&post=37941"}],"version-history":[{"count":1,"href":"https:\/\/labestiapolitica.com.mx\/index.php?rest_route=\/wp\/v2\/posts\/37941\/revisions"}],"predecessor-version":[{"id":37943,"href":"https:\/\/labestiapolitica.com.mx\/index.php?rest_route=\/wp\/v2\/posts\/37941\/revisions\/37943"}],"wp:featuredmedia":[{"embeddable":true,"href":"https:\/\/labestiapolitica.com.mx\/index.php?rest_route=\/wp\/v2\/media\/37942"}],"wp:attachment":[{"href":"https:\/\/labestiapolitica.com.mx\/index.php?rest_route=%2Fwp%2Fv2%2Fmedia&parent=37941"}],"wp:term":[{"taxonomy":"category","embeddable":true,"href":"https:\/\/labestiapolitica.com.mx\/index.php?rest_route=%2Fwp%2Fv2%2Fcategories&post=37941"},{"taxonomy":"post_tag","embeddable":true,"href":"https:\/\/labestiapolitica.com.mx\/index.php?rest_route=%2Fwp%2Fv2%2Ftags&post=37941"}],"curies":[{"name":"wp","href":"https:\/\/api.w.org\/{rel}","templated":true}]}}