{"id":37944,"date":"2025-02-25T19:26:35","date_gmt":"2025-02-26T01:26:35","guid":{"rendered":"https:\/\/labestiapolitica.com.mx\/?p=37944"},"modified":"2025-03-10T22:34:48","modified_gmt":"2025-03-11T04:34:48","slug":"tlaxcala-participa-en-el-sexto-congreso-internacional-de-gestion-del-riesgo-y-resiliencia-en-ciudades","status":"publish","type":"post","link":"https:\/\/labestiapolitica.com.mx\/?p=37944","title":{"rendered":"Tlaxcala participa en el Sexto Congreso Internacional de Gesti\u00f3n del Riesgo y Resiliencia en Ciudades"},"content":{"rendered":"<p data-start=\"109\" data-end=\"455\">Tlaxcala est\u00e1 presente en el <strong data-start=\"187\" data-end=\"267\">Sexto Congreso Internacional de Gesti\u00f3n del Riesgo y Resiliencia en Ciudades<\/strong>, un evento que re\u00fane a expertos, acad\u00e9micos, l\u00edderes comunitarios y representantes del sector p\u00fablico y privado para fortalecer estrategias de autoprotecci\u00f3n y respuesta ante desastres.<\/p>\n<p data-start=\"457\" data-end=\"706\">Bajo el lema <strong data-start=\"470\" data-end=\"545\">\u201cFortaleciendo las Capacidades Locales para la Resiliencia Comunitaria\u201d<\/strong>, el congreso se desarrolla en la <strong data-start=\"579\" data-end=\"595\">Expo Reforma<\/strong>, en las instalaciones de la <strong data-start=\"624\" data-end=\"664\">C\u00e1mara Nacional de Comercio (Canaco)<\/strong>, y se extender\u00e1 hasta el 26 de febrero.<\/p>\n<p data-start=\"708\" data-end=\"1122\">Durante la inauguraci\u00f3n, la titular de la <strong data-start=\"750\" data-end=\"825\">Secretar\u00eda de Gesti\u00f3n Integral de Riesgos y Protecci\u00f3n Civil de la CDMX<\/strong>, <strong data-start=\"827\" data-end=\"857\">Myriam Vilma Urz\u00faa Venegas<\/strong>, destac\u00f3 la importancia de fortalecer el poder comunitario y avanzar hacia una <strong data-start=\"937\" data-end=\"981\">gobernanza territorial m\u00e1s participativa<\/strong>. Asimismo, llam\u00f3 a consolidar programas y acciones que garanticen una infraestructura adecuada para la prevenci\u00f3n y mitigaci\u00f3n de riesgos.<\/p>\n<p data-start=\"1124\" data-end=\"1384\">Por su parte, el titular de la <strong data-start=\"1155\" data-end=\"1218\">Coordinaci\u00f3n Estatal de Protecci\u00f3n Civil de Tlaxcala (CEPC)<\/strong>, <strong data-start=\"1220\" data-end=\"1246\">Juvencio Nieto Galicia<\/strong>, resalt\u00f3 que el intercambio de conocimientos en este congreso permitir\u00e1 mejorar la capacidad de respuesta ante desastres en la entidad.<\/p>\n<p data-start=\"1386\" data-end=\"1623\">\ud83d\udd39 <strong data-start=\"1389\" data-end=\"1421\">Ejes tem\u00e1ticos del congreso:<\/strong><br data-start=\"1421\" data-end=\"1424\" \/>\u2705 <strong data-start=\"1426\" data-end=\"1487\">Conocimientos Locales y Acci\u00f3n Preventiva y Anticipatoria<\/strong><br data-start=\"1487\" data-end=\"1490\" \/>\u2705 <strong data-start=\"1492\" data-end=\"1553\">Mitigaci\u00f3n y Preparaci\u00f3n ante Riesgos de Base Comunitaria<\/strong><br data-start=\"1553\" data-end=\"1556\" \/>\u2705 <strong data-start=\"1558\" data-end=\"1621\">Recuperaci\u00f3n y Reconstrucci\u00f3n hacia Comunidades Resilientes<\/strong><\/p>\n<p data-start=\"1625\" data-end=\"1894\">Entre las conferencias magistrales destacan:<br data-start=\"1669\" data-end=\"1672\" \/>\ud83d\udccc <strong data-start=\"1675\" data-end=\"1746\">\u00abEl fortalecimiento comunitario para la RRD en la Ciudad de M\u00e9xico\u00bb<\/strong><br data-start=\"1746\" data-end=\"1749\" \/>\ud83d\udccc <strong data-start=\"1752\" data-end=\"1827\">\u00abGesti\u00f3n Integral del Riesgo de Desastres desde un enfoque comunitario\u00bb<\/strong><br data-start=\"1827\" data-end=\"1830\" \/>\ud83d\udccc <strong data-start=\"1833\" data-end=\"1892\">\u00abPreparados ante el riesgo: Tecnolog\u00eda que salva vidas\u00bb<\/strong><\/p>\n<p data-start=\"1896\" data-end=\"2186\">En la inauguraci\u00f3n participaron autoridades como <strong data-start=\"1945\" data-end=\"1973\">Javier Gardu\u00f1o Arredondo<\/strong>, director para Am\u00e9rica Latina en <strong data-start=\"2007\" data-end=\"2035\">Resilient Cities Network<\/strong>, <strong data-start=\"2037\" data-end=\"2073\">Jos\u00e9 de Jes\u00fas Rodr\u00edguez C\u00e1rdenas<\/strong>, presidente de <strong data-start=\"2089\" data-end=\"2104\">Canaco CDMX<\/strong>, y <strong data-start=\"2108\" data-end=\"2133\">Pablo V\u00e1zquez Camacho<\/strong>, secretario de <strong data-start=\"2149\" data-end=\"2183\">Seguridad Ciudadana de la CDMX<\/strong>.<\/p>\n<p data-start=\"2188\" data-end=\"2404\" data-is-last-node=\"\" data-is-only-node=\"\">Con la presencia de Tlaxcala en este congreso, la entidad refuerza su compromiso con la <strong data-start=\"2276\" data-end=\"2307\">gesti\u00f3n integral del riesgo<\/strong> y la <strong data-start=\"2313\" data-end=\"2340\">resiliencia comunitaria<\/strong>, elementos clave para la seguridad y bienestar de la poblaci\u00f3n.<\/p>\n","protected":false},"excerpt":{"rendered":"<p>Tlaxcala est\u00e1 presente en el Sexto Congreso Internacional de Gesti\u00f3n del Riesgo y Resiliencia en Ciudades, un evento que re\u00fane a expertos, acad\u00e9micos, l\u00edderes comunitarios y representantes del sector p\u00fablico y privado para fortalecer estrategias de autoprotecci\u00f3n y respuesta ante desastres. Bajo el lema \u201cFortaleciendo las Capacidades Locales para la Resiliencia Comunitaria\u201d, el congreso se [&hellip;]<\/p>\n","protected":false},"author":3,"featured_media":37945,"comment_status":"open","ping_status":"open","sticky":false,"template":"","format":"standard","meta":{"footnotes":""},"categories":[12,4,236],"tags":[],"class_list":["post-37944","post","type-post","status-publish","format-standard","has-post-thumbnail","hentry","category-brujula-2026","category-destacadas","category-gobierno-de-tlaxcala"],"amp_enabled":true,"_links":{"self":[{"href":"https:\/\/labestiapolitica.com.mx\/index.php?rest_route=\/wp\/v2\/posts\/37944","targetHints":{"allow":["GET"]}}],"collection":[{"href":"https:\/\/labestiapolitica.com.mx\/index.php?rest_route=\/wp\/v2\/posts"}],"about":[{"href":"https:\/\/labestiapolitica.com.mx\/index.php?rest_route=\/wp\/v2\/types\/post"}],"author":[{"embeddable":true,"href":"https:\/\/labestiapolitica.com.mx\/index.php?rest_route=\/wp\/v2\/users\/3"}],"replies":[{"embeddable":true,"href":"https:\/\/labestiapolitica.com.mx\/index.php?rest_route=%2Fwp%2Fv2%2Fcomments&post=37944"}],"version-history":[{"count":1,"href":"https:\/\/labestiapolitica.com.mx\/index.php?rest_route=\/wp\/v2\/posts\/37944\/revisions"}],"predecessor-version":[{"id":37946,"href":"https:\/\/labestiapolitica.com.mx\/index.php?rest_route=\/wp\/v2\/posts\/37944\/revisions\/37946"}],"wp:featuredmedia":[{"embeddable":true,"href":"https:\/\/labestiapolitica.com.mx\/index.php?rest_route=\/wp\/v2\/media\/37945"}],"wp:attachment":[{"href":"https:\/\/labestiapolitica.com.mx\/index.php?rest_route=%2Fwp%2Fv2%2Fmedia&parent=37944"}],"wp:term":[{"taxonomy":"category","embeddable":true,"href":"https:\/\/labestiapolitica.com.mx\/index.php?rest_route=%2Fwp%2Fv2%2Fcategories&post=37944"},{"taxonomy":"post_tag","embeddable":true,"href":"https:\/\/labestiapolitica.com.mx\/index.php?rest_route=%2Fwp%2Fv2%2Ftags&post=37944"}],"curies":[{"name":"wp","href":"https:\/\/api.w.org\/{rel}","templated":true}]}}