{"id":37947,"date":"2025-02-26T11:57:18","date_gmt":"2025-02-26T17:57:18","guid":{"rendered":"https:\/\/labestiapolitica.com.mx\/?p=37947"},"modified":"2025-03-10T22:34:35","modified_gmt":"2025-03-11T04:34:35","slug":"%f0%9f%93%a2-suspension-temporal-del-servicio-de-recoleccion-de-basura-en-huamantla","status":"publish","type":"post","link":"https:\/\/labestiapolitica.com.mx\/?p=37947","title":{"rendered":"\ud83d\udce2 Suspensi\u00f3n temporal del servicio de recolecci\u00f3n de basura en Huamantla"},"content":{"rendered":"<p style=\"text-align: justify;\" data-start=\"171\" data-end=\"493\">La <strong data-start=\"174\" data-end=\"215\">Coordinaci\u00f3n de Servicios Municipales<\/strong> del <strong data-start=\"220\" data-end=\"249\">Ayuntamiento de Huamantla<\/strong> inform\u00f3 que el servicio de <strong data-start=\"277\" data-end=\"302\">recolecci\u00f3n de basura<\/strong> quedar\u00e1 suspendido a partir de la tarde de este martes y hasta nuevo aviso, debido a que los camiones compactadores no pueden realizar los dep\u00f3sitos en el relleno sanitario por el momento.<\/p>\n<p style=\"text-align: justify;\" data-start=\"495\" data-end=\"773\">\ud83d\udd39 <strong data-start=\"498\" data-end=\"532\">Se recomienda a la ciudadan\u00eda:<\/strong><br data-start=\"532\" data-end=\"535\" \/>\u2705 Tomar previsiones ante la suspensi\u00f3n temporal del servicio.<br data-start=\"596\" data-end=\"599\" \/>\ud83d\udeab <strong data-start=\"602\" data-end=\"663\">No dejar basura en la v\u00eda p\u00fablica o en lugares prohibidos<\/strong>, ya que el <strong data-start=\"675\" data-end=\"711\">Bando de Polic\u00eda y Buen Gobierno<\/strong> establece sanciones para quienes incurran en esta pr\u00e1ctica.<\/p>\n<p style=\"text-align: justify;\" data-start=\"775\" data-end=\"1040\">El \u00e1rea de <strong data-start=\"786\" data-end=\"811\">Servicios Municipales<\/strong> trabaja diariamente para mejorar la gesti\u00f3n de residuos y garantizar la correcta disposici\u00f3n de la basura en el municipio. <strong data-start=\"935\" data-end=\"1038\">La colaboraci\u00f3n de la comunidad es clave para mantener la buena imagen de Huamantla, Pueblo M\u00e1gico.<\/strong><\/p>\n<p style=\"text-align: justify;\" data-start=\"1042\" data-end=\"1137\">#PorAmorAHuamantla #Huamantla #ServiciosPublicos<br data-start=\"1090\" data-end=\"1093\" \/>#LaBestiaPoliticaHuamantla<br data-start=\"1119\" data-end=\"1122\" \/>@ChavaSantosC<\/p>\n","protected":false},"excerpt":{"rendered":"<p>La Coordinaci\u00f3n de Servicios Municipales del Ayuntamiento de Huamantla inform\u00f3 que el servicio de recolecci\u00f3n de basura quedar\u00e1 suspendido a partir de la tarde de este martes y hasta nuevo aviso, debido a que los camiones compactadores no pueden realizar los dep\u00f3sitos en el relleno sanitario por el momento. \ud83d\udd39 Se recomienda a la ciudadan\u00eda:\u2705 [&hellip;]<\/p>\n","protected":false},"author":3,"featured_media":37948,"comment_status":"open","ping_status":"open","sticky":false,"template":"","format":"standard","meta":{"footnotes":""},"categories":[12,216],"tags":[],"class_list":["post-37947","post","type-post","status-publish","format-standard","has-post-thumbnail","hentry","category-brujula-2026","category-municipios"],"amp_enabled":true,"_links":{"self":[{"href":"https:\/\/labestiapolitica.com.mx\/index.php?rest_route=\/wp\/v2\/posts\/37947","targetHints":{"allow":["GET"]}}],"collection":[{"href":"https:\/\/labestiapolitica.com.mx\/index.php?rest_route=\/wp\/v2\/posts"}],"about":[{"href":"https:\/\/labestiapolitica.com.mx\/index.php?rest_route=\/wp\/v2\/types\/post"}],"author":[{"embeddable":true,"href":"https:\/\/labestiapolitica.com.mx\/index.php?rest_route=\/wp\/v2\/users\/3"}],"replies":[{"embeddable":true,"href":"https:\/\/labestiapolitica.com.mx\/index.php?rest_route=%2Fwp%2Fv2%2Fcomments&post=37947"}],"version-history":[{"count":1,"href":"https:\/\/labestiapolitica.com.mx\/index.php?rest_route=\/wp\/v2\/posts\/37947\/revisions"}],"predecessor-version":[{"id":37949,"href":"https:\/\/labestiapolitica.com.mx\/index.php?rest_route=\/wp\/v2\/posts\/37947\/revisions\/37949"}],"wp:featuredmedia":[{"embeddable":true,"href":"https:\/\/labestiapolitica.com.mx\/index.php?rest_route=\/wp\/v2\/media\/37948"}],"wp:attachment":[{"href":"https:\/\/labestiapolitica.com.mx\/index.php?rest_route=%2Fwp%2Fv2%2Fmedia&parent=37947"}],"wp:term":[{"taxonomy":"category","embeddable":true,"href":"https:\/\/labestiapolitica.com.mx\/index.php?rest_route=%2Fwp%2Fv2%2Fcategories&post=37947"},{"taxonomy":"post_tag","embeddable":true,"href":"https:\/\/labestiapolitica.com.mx\/index.php?rest_route=%2Fwp%2Fv2%2Ftags&post=37947"}],"curies":[{"name":"wp","href":"https:\/\/api.w.org\/{rel}","templated":true}]}}