{"id":37950,"date":"2025-02-26T12:06:17","date_gmt":"2025-02-26T18:06:17","guid":{"rendered":"https:\/\/labestiapolitica.com.mx\/?p=37950"},"modified":"2025-03-10T22:34:22","modified_gmt":"2025-03-11T04:34:22","slug":"%f0%9f%8e%93%f0%9f%93%9a-feria-universitaria-de-la-utt-en-huamantla","status":"publish","type":"post","link":"https:\/\/labestiapolitica.com.mx\/?p=37950","title":{"rendered":"\ud83c\udf93\ud83d\udcda Feria Universitaria de la UTT en Huamantla"},"content":{"rendered":"<p style=\"text-align: justify;\" data-start=\"145\" data-end=\"426\">El <strong data-start=\"148\" data-end=\"183\">Gobierno Municipal de Huamantla<\/strong> invita a la juventud a participar en la <strong data-start=\"224\" data-end=\"295\">Feria Universitaria de la Universidad Tecnol\u00f3gica de Tlaxcala (UTT)<\/strong>, un evento dise\u00f1ado para acercar nuevas oportunidades educativas sin la necesidad de trasladarse a otros municipios o entidades.<\/p>\n<p style=\"text-align: justify;\" data-start=\"428\" data-end=\"575\">\ud83d\udcc5 <strong data-start=\"431\" data-end=\"441\">Fecha:<\/strong> 27 de febrero de 2025<br data-start=\"463\" data-end=\"466\" \/>\ud83d\udccd <strong data-start=\"469\" data-end=\"479\">Lugar:<\/strong> Centro C\u00edvico de Huamantla<br data-start=\"506\" data-end=\"509\" \/>\u23f0 <strong data-start=\"511\" data-end=\"520\">Hora:<\/strong> A partir de las 10:00 a.m.<br data-start=\"547\" data-end=\"550\" \/>\ud83c\udf9f <strong data-start=\"553\" data-end=\"573\">Entrada gratuita<\/strong><\/p>\n<p style=\"text-align: justify;\" data-start=\"577\" data-end=\"828\">Durante el evento, los asistentes podr\u00e1n conocer la oferta educativa de la UTT, incluyendo diversas <strong data-start=\"677\" data-end=\"708\">ingenier\u00edas y licenciaturas<\/strong>, as\u00ed como recibir informaci\u00f3n detallada sobre los programas acad\u00e9micos y las oportunidades de desarrollo profesional.<\/p>\n<p style=\"text-align: justify;\" data-start=\"830\" data-end=\"1216\">\ud83d\udd2c <strong data-start=\"833\" data-end=\"860\">Atracciones destacadas:<\/strong><br data-start=\"860\" data-end=\"863\" \/>\ud83d\ude9b <strong data-start=\"866\" data-end=\"891\">Tr\u00e1iler de la Ciencia<\/strong> \u2013 Actividades interactivas para explorar la ciencia y la tecnolog\u00eda de manera pr\u00e1ctica y divertida.<br data-start=\"991\" data-end=\"994\" \/>\ud83d\udca1 <strong data-start=\"997\" data-end=\"1036\">Exposici\u00f3n de proyectos innovadores<\/strong> \u2013 Estudiantes presentar\u00e1n sus trabajos, demostrando talento y creatividad.<br data-start=\"1111\" data-end=\"1114\" \/>\u265f <strong data-start=\"1116\" data-end=\"1136\">Ajedrez viviente<\/strong> y \ud83e\udd16 <strong data-start=\"1142\" data-end=\"1162\">Guerra de robots<\/strong> \u2013 Espect\u00e1culos que cautivar\u00e1n a j\u00f3venes y familias.<\/p>\n<p style=\"text-align: justify;\" data-start=\"1218\" data-end=\"1384\">Se invita a la comunidad estudiantil a asistir y aprovechar esta oportunidad para conocer opciones educativas y vivir una experiencia \u00fanica en ciencia e innovaci\u00f3n.<\/p>\n<p style=\"text-align: justify;\" data-start=\"1386\" data-end=\"1483\">#PorAmorAHuamantla #Huamantla #Educaci\u00f3n #Juventud<br data-start=\"1436\" data-end=\"1439\" \/>#LaBestiaPoliticaHuamantla<br data-start=\"1465\" data-end=\"1468\" \/>@ChavaSantosC<\/p>\n<p data-start=\"1386\" data-end=\"1483\"><img loading=\"lazy\" decoding=\"async\" class=\"alignnone size-full wp-image-37952\" src=\"https:\/\/labestiapolitica.com.mx\/wp-content\/uploads\/2025\/02\/1-42.png\" alt=\"\" width=\"2000\" height=\"1200\" srcset=\"https:\/\/labestiapolitica.com.mx\/wp-content\/uploads\/2025\/02\/1-42.png 2000w, https:\/\/labestiapolitica.com.mx\/wp-content\/uploads\/2025\/02\/1-42-300x180.png 300w, https:\/\/labestiapolitica.com.mx\/wp-content\/uploads\/2025\/02\/1-42-1024x614.png 1024w, https:\/\/labestiapolitica.com.mx\/wp-content\/uploads\/2025\/02\/1-42-768x461.png 768w, https:\/\/labestiapolitica.com.mx\/wp-content\/uploads\/2025\/02\/1-42-1536x922.png 1536w\" sizes=\"auto, (max-width: 2000px) 100vw, 2000px\" \/><\/p>\n","protected":false},"excerpt":{"rendered":"<p>El Gobierno Municipal de Huamantla invita a la juventud a participar en la Feria Universitaria de la Universidad Tecnol\u00f3gica de Tlaxcala (UTT), un evento dise\u00f1ado para acercar nuevas oportunidades educativas sin la necesidad de trasladarse a otros municipios o entidades. \ud83d\udcc5 Fecha: 27 de febrero de 2025\ud83d\udccd Lugar: Centro C\u00edvico de Huamantla\u23f0 Hora: A partir [&hellip;]<\/p>\n","protected":false},"author":3,"featured_media":37951,"comment_status":"open","ping_status":"open","sticky":false,"template":"","format":"standard","meta":{"footnotes":""},"categories":[12,216],"tags":[],"class_list":["post-37950","post","type-post","status-publish","format-standard","has-post-thumbnail","hentry","category-brujula-2026","category-municipios"],"amp_enabled":true,"_links":{"self":[{"href":"https:\/\/labestiapolitica.com.mx\/index.php?rest_route=\/wp\/v2\/posts\/37950","targetHints":{"allow":["GET"]}}],"collection":[{"href":"https:\/\/labestiapolitica.com.mx\/index.php?rest_route=\/wp\/v2\/posts"}],"about":[{"href":"https:\/\/labestiapolitica.com.mx\/index.php?rest_route=\/wp\/v2\/types\/post"}],"author":[{"embeddable":true,"href":"https:\/\/labestiapolitica.com.mx\/index.php?rest_route=\/wp\/v2\/users\/3"}],"replies":[{"embeddable":true,"href":"https:\/\/labestiapolitica.com.mx\/index.php?rest_route=%2Fwp%2Fv2%2Fcomments&post=37950"}],"version-history":[{"count":2,"href":"https:\/\/labestiapolitica.com.mx\/index.php?rest_route=\/wp\/v2\/posts\/37950\/revisions"}],"predecessor-version":[{"id":38740,"href":"https:\/\/labestiapolitica.com.mx\/index.php?rest_route=\/wp\/v2\/posts\/37950\/revisions\/38740"}],"wp:featuredmedia":[{"embeddable":true,"href":"https:\/\/labestiapolitica.com.mx\/index.php?rest_route=\/wp\/v2\/media\/37951"}],"wp:attachment":[{"href":"https:\/\/labestiapolitica.com.mx\/index.php?rest_route=%2Fwp%2Fv2%2Fmedia&parent=37950"}],"wp:term":[{"taxonomy":"category","embeddable":true,"href":"https:\/\/labestiapolitica.com.mx\/index.php?rest_route=%2Fwp%2Fv2%2Fcategories&post=37950"},{"taxonomy":"post_tag","embeddable":true,"href":"https:\/\/labestiapolitica.com.mx\/index.php?rest_route=%2Fwp%2Fv2%2Ftags&post=37950"}],"curies":[{"name":"wp","href":"https:\/\/api.w.org\/{rel}","templated":true}]}}