{"id":37954,"date":"2025-02-26T12:28:09","date_gmt":"2025-02-26T18:28:09","guid":{"rendered":"https:\/\/labestiapolitica.com.mx\/?p=37954"},"modified":"2025-03-10T22:34:06","modified_gmt":"2025-03-11T04:34:06","slug":"%e2%99%bb%ef%b8%8f%f0%9f%8c%b1-compromiso-con-el-medio-ambiente-se-firma-convenio-del-programa-amar-y-reciclar-escuelas-verdes-en-el-cecyte-22-%f0%9f%8c%b1%e2%99%bb%ef%b8%8f","status":"publish","type":"post","link":"https:\/\/labestiapolitica.com.mx\/?p=37954","title":{"rendered":"\u267b\ufe0f\ud83c\udf31 Compromiso con el medio ambiente: Se firma convenio del programa \u00abAmar y Reciclar &#8211; Escuelas Verdes\u00bb en el CECyTE 22 \ud83c\udf31\u267b\ufe0f"},"content":{"rendered":"<p style=\"text-align: justify;\" data-start=\"254\" data-end=\"471\">La <strong data-start=\"257\" data-end=\"300\">diputada federal Mariana Jim\u00e9nez Zamora<\/strong> particip\u00f3 en la firma del convenio del programa <strong data-start=\"349\" data-end=\"388\">\u00abAmar y Reciclar &#8211; Escuelas Verdes\u00bb<\/strong>, reafirmando su compromiso con la educaci\u00f3n y el cuidado del medio ambiente. \ud83c\udf0d\u2728<\/p>\n<p style=\"text-align: justify;\" data-start=\"473\" data-end=\"698\">Con esta iniciativa, las aulas se convierten en espacios de aprendizaje y acci\u00f3n, donde las y los j\u00f3venes asumen un papel activo en el reciclaje y la responsabilidad ambiental, contribuyendo a un futuro m\u00e1s sostenible. \ud83d\udc9a\ud83d\udcda<\/p>\n<p style=\"text-align: justify;\" data-start=\"700\" data-end=\"834\">#EscuelasVerdes #ReciclarEsAmar #ConstruyendoFuturo<br data-start=\"751\" data-end=\"754\" \/>#LaBestiaPol\u00edticaC\u00e1maradeDiputados #LaBestiaPol\u00edtica<br data-start=\"806\" data-end=\"809\" \/>@Mariana Jim\u00e9nez Zamora<\/p>\n<p data-start=\"700\" data-end=\"834\"><img loading=\"lazy\" decoding=\"async\" class=\"alignnone size-full wp-image-37956\" src=\"https:\/\/labestiapolitica.com.mx\/wp-content\/uploads\/2025\/02\/2-42.png\" alt=\"\" width=\"2000\" height=\"1200\" srcset=\"https:\/\/labestiapolitica.com.mx\/wp-content\/uploads\/2025\/02\/2-42.png 2000w, https:\/\/labestiapolitica.com.mx\/wp-content\/uploads\/2025\/02\/2-42-300x180.png 300w, https:\/\/labestiapolitica.com.mx\/wp-content\/uploads\/2025\/02\/2-42-1024x614.png 1024w, https:\/\/labestiapolitica.com.mx\/wp-content\/uploads\/2025\/02\/2-42-768x461.png 768w, https:\/\/labestiapolitica.com.mx\/wp-content\/uploads\/2025\/02\/2-42-1536x922.png 1536w\" sizes=\"auto, (max-width: 2000px) 100vw, 2000px\" \/> <img loading=\"lazy\" decoding=\"async\" class=\"alignnone size-full wp-image-37957\" src=\"https:\/\/labestiapolitica.com.mx\/wp-content\/uploads\/2025\/02\/3-35.png\" alt=\"\" width=\"2000\" height=\"1200\" srcset=\"https:\/\/labestiapolitica.com.mx\/wp-content\/uploads\/2025\/02\/3-35.png 2000w, https:\/\/labestiapolitica.com.mx\/wp-content\/uploads\/2025\/02\/3-35-300x180.png 300w, https:\/\/labestiapolitica.com.mx\/wp-content\/uploads\/2025\/02\/3-35-1024x614.png 1024w, https:\/\/labestiapolitica.com.mx\/wp-content\/uploads\/2025\/02\/3-35-768x461.png 768w, https:\/\/labestiapolitica.com.mx\/wp-content\/uploads\/2025\/02\/3-35-1536x922.png 1536w\" sizes=\"auto, (max-width: 2000px) 100vw, 2000px\" \/><\/p>\n","protected":false},"excerpt":{"rendered":"<p>La diputada federal Mariana Jim\u00e9nez Zamora particip\u00f3 en la firma del convenio del programa \u00abAmar y Reciclar &#8211; Escuelas Verdes\u00bb, reafirmando su compromiso con la educaci\u00f3n y el cuidado del medio ambiente. \ud83c\udf0d\u2728 Con esta iniciativa, las aulas se convierten en espacios de aprendizaje y acci\u00f3n, donde las y los j\u00f3venes asumen un papel activo [&hellip;]<\/p>\n","protected":false},"author":3,"featured_media":37955,"comment_status":"open","ping_status":"open","sticky":false,"template":"","format":"standard","meta":{"footnotes":""},"categories":[12,229,7],"tags":[],"class_list":["post-37954","post","type-post","status-publish","format-standard","has-post-thumbnail","hentry","category-brujula-2026","category-camara-de-diputados","category-ciudadanos"],"amp_enabled":true,"_links":{"self":[{"href":"https:\/\/labestiapolitica.com.mx\/index.php?rest_route=\/wp\/v2\/posts\/37954","targetHints":{"allow":["GET"]}}],"collection":[{"href":"https:\/\/labestiapolitica.com.mx\/index.php?rest_route=\/wp\/v2\/posts"}],"about":[{"href":"https:\/\/labestiapolitica.com.mx\/index.php?rest_route=\/wp\/v2\/types\/post"}],"author":[{"embeddable":true,"href":"https:\/\/labestiapolitica.com.mx\/index.php?rest_route=\/wp\/v2\/users\/3"}],"replies":[{"embeddable":true,"href":"https:\/\/labestiapolitica.com.mx\/index.php?rest_route=%2Fwp%2Fv2%2Fcomments&post=37954"}],"version-history":[{"count":1,"href":"https:\/\/labestiapolitica.com.mx\/index.php?rest_route=\/wp\/v2\/posts\/37954\/revisions"}],"predecessor-version":[{"id":37958,"href":"https:\/\/labestiapolitica.com.mx\/index.php?rest_route=\/wp\/v2\/posts\/37954\/revisions\/37958"}],"wp:featuredmedia":[{"embeddable":true,"href":"https:\/\/labestiapolitica.com.mx\/index.php?rest_route=\/wp\/v2\/media\/37955"}],"wp:attachment":[{"href":"https:\/\/labestiapolitica.com.mx\/index.php?rest_route=%2Fwp%2Fv2%2Fmedia&parent=37954"}],"wp:term":[{"taxonomy":"category","embeddable":true,"href":"https:\/\/labestiapolitica.com.mx\/index.php?rest_route=%2Fwp%2Fv2%2Fcategories&post=37954"},{"taxonomy":"post_tag","embeddable":true,"href":"https:\/\/labestiapolitica.com.mx\/index.php?rest_route=%2Fwp%2Fv2%2Ftags&post=37954"}],"curies":[{"name":"wp","href":"https:\/\/api.w.org\/{rel}","templated":true}]}}