{"id":37959,"date":"2025-02-26T12:41:47","date_gmt":"2025-02-26T18:41:47","guid":{"rendered":"https:\/\/labestiapolitica.com.mx\/?p=37959"},"modified":"2025-03-10T22:33:49","modified_gmt":"2025-03-11T04:33:49","slug":"%f0%9f%8c%9f-jornada-de-limpieza-en-las-canchas-deportivas-de-la-colonia-1901-en-tlaltelulco-%f0%9f%8f%8b%ef%b8%8f%e2%99%80%ef%b8%8f%f0%9f%8c%b3","status":"publish","type":"post","link":"https:\/\/labestiapolitica.com.mx\/?p=37959","title":{"rendered":"\ud83c\udf1f Jornada de limpieza en las canchas deportivas de la Colonia 1901 en Tlaltelulco \ud83c\udfcb\ufe0f\u200d\u2640\ufe0f\ud83c\udf33"},"content":{"rendered":"<p data-start=\"189\" data-end=\"433\">En un esfuerzo conjunto, diversas \u00e1reas del <strong data-start=\"233\" data-end=\"283\">Gobierno Municipal de La Magdalena Tlaltelulco<\/strong> participaron en una <strong data-start=\"304\" data-end=\"325\">faena de limpieza<\/strong> en las canchas deportivas de la <strong data-start=\"358\" data-end=\"374\">Colonia 1901<\/strong>, contribuyendo al mejoramiento de los espacios p\u00fablicos.<\/p>\n<p data-start=\"435\" data-end=\"692\">Siguiendo la indicaci\u00f3n de la <strong data-start=\"465\" data-end=\"510\">presidenta municipal Roc\u00edo Mel\u00e9ndez Pluma<\/strong>, se sumaron a esta labor las \u00e1reas de <strong data-start=\"549\" data-end=\"689\">Juventud, Deportes, Protecci\u00f3n Animal, Bienestar, Gesti\u00f3n Municipal, Imagen Urbana, Educaci\u00f3n, Migraci\u00f3n, Cronista Municipal y Proyectos<\/strong>.<\/p>\n<p data-start=\"694\" data-end=\"795\">\ud83d\udcaa <strong data-start=\"697\" data-end=\"793\">Reconocimiento al esfuerzo y dedicaci\u00f3n de quienes participaron en esta jornada comunitaria.<\/strong><\/p>\n<p data-start=\"797\" data-end=\"929\">\ud83d\udce2 <strong data-start=\"800\" data-end=\"813\">Atenci\u00f3n:<\/strong> Este <strong data-start=\"819\" data-end=\"830\">viernes<\/strong> habr\u00e1 una <strong data-start=\"841\" data-end=\"862\">sorpresa especial<\/strong> por parte de los j\u00f3venes de Tlaltelulco. \u00a1No se lo pierdan! \ud83c\udf89\ud83d\udc40<\/p>\n<p data-start=\"931\" data-end=\"1101\">#LimpiezaComunitaria #UnidosPorElDeporte #Colonia1901 #SorpresaPr\u00f3ximamente<br data-start=\"1006\" data-end=\"1009\" \/>#LaBestiaPoliticaTlaltelulco<br data-start=\"1037\" data-end=\"1040\" \/>@Gobierno Municipal Tlaltelulco 2024-2027<br data-start=\"1081\" data-end=\"1084\" \/>@RocioMelendezP<img loading=\"lazy\" decoding=\"async\" class=\"alignnone size-full wp-image-37961\" src=\"https:\/\/labestiapolitica.com.mx\/wp-content\/uploads\/2025\/02\/2-43.png\" alt=\"\" width=\"2000\" height=\"1200\" srcset=\"https:\/\/labestiapolitica.com.mx\/wp-content\/uploads\/2025\/02\/2-43.png 2000w, https:\/\/labestiapolitica.com.mx\/wp-content\/uploads\/2025\/02\/2-43-300x180.png 300w, https:\/\/labestiapolitica.com.mx\/wp-content\/uploads\/2025\/02\/2-43-1024x614.png 1024w, https:\/\/labestiapolitica.com.mx\/wp-content\/uploads\/2025\/02\/2-43-768x461.png 768w, https:\/\/labestiapolitica.com.mx\/wp-content\/uploads\/2025\/02\/2-43-1536x922.png 1536w\" sizes=\"auto, (max-width: 2000px) 100vw, 2000px\" \/> <img loading=\"lazy\" decoding=\"async\" class=\"alignnone size-full wp-image-37962\" src=\"https:\/\/labestiapolitica.com.mx\/wp-content\/uploads\/2025\/02\/3-36.png\" alt=\"\" width=\"2000\" height=\"1200\" srcset=\"https:\/\/labestiapolitica.com.mx\/wp-content\/uploads\/2025\/02\/3-36.png 2000w, https:\/\/labestiapolitica.com.mx\/wp-content\/uploads\/2025\/02\/3-36-300x180.png 300w, https:\/\/labestiapolitica.com.mx\/wp-content\/uploads\/2025\/02\/3-36-1024x614.png 1024w, https:\/\/labestiapolitica.com.mx\/wp-content\/uploads\/2025\/02\/3-36-768x461.png 768w, https:\/\/labestiapolitica.com.mx\/wp-content\/uploads\/2025\/02\/3-36-1536x922.png 1536w\" sizes=\"auto, (max-width: 2000px) 100vw, 2000px\" \/><\/p>\n","protected":false},"excerpt":{"rendered":"<p>En un esfuerzo conjunto, diversas \u00e1reas del Gobierno Municipal de La Magdalena Tlaltelulco participaron en una faena de limpieza en las canchas deportivas de la Colonia 1901, contribuyendo al mejoramiento de los espacios p\u00fablicos. Siguiendo la indicaci\u00f3n de la presidenta municipal Roc\u00edo Mel\u00e9ndez Pluma, se sumaron a esta labor las \u00e1reas de Juventud, Deportes, Protecci\u00f3n [&hellip;]<\/p>\n","protected":false},"author":3,"featured_media":37960,"comment_status":"open","ping_status":"open","sticky":false,"template":"","format":"standard","meta":{"footnotes":""},"categories":[12,218,216],"tags":[],"class_list":["post-37959","post","type-post","status-publish","format-standard","has-post-thumbnail","hentry","category-brujula-2026","category-la-magdalena-tlaltelulco","category-municipios"],"amp_enabled":true,"_links":{"self":[{"href":"https:\/\/labestiapolitica.com.mx\/index.php?rest_route=\/wp\/v2\/posts\/37959","targetHints":{"allow":["GET"]}}],"collection":[{"href":"https:\/\/labestiapolitica.com.mx\/index.php?rest_route=\/wp\/v2\/posts"}],"about":[{"href":"https:\/\/labestiapolitica.com.mx\/index.php?rest_route=\/wp\/v2\/types\/post"}],"author":[{"embeddable":true,"href":"https:\/\/labestiapolitica.com.mx\/index.php?rest_route=\/wp\/v2\/users\/3"}],"replies":[{"embeddable":true,"href":"https:\/\/labestiapolitica.com.mx\/index.php?rest_route=%2Fwp%2Fv2%2Fcomments&post=37959"}],"version-history":[{"count":1,"href":"https:\/\/labestiapolitica.com.mx\/index.php?rest_route=\/wp\/v2\/posts\/37959\/revisions"}],"predecessor-version":[{"id":37963,"href":"https:\/\/labestiapolitica.com.mx\/index.php?rest_route=\/wp\/v2\/posts\/37959\/revisions\/37963"}],"wp:featuredmedia":[{"embeddable":true,"href":"https:\/\/labestiapolitica.com.mx\/index.php?rest_route=\/wp\/v2\/media\/37960"}],"wp:attachment":[{"href":"https:\/\/labestiapolitica.com.mx\/index.php?rest_route=%2Fwp%2Fv2%2Fmedia&parent=37959"}],"wp:term":[{"taxonomy":"category","embeddable":true,"href":"https:\/\/labestiapolitica.com.mx\/index.php?rest_route=%2Fwp%2Fv2%2Fcategories&post=37959"},{"taxonomy":"post_tag","embeddable":true,"href":"https:\/\/labestiapolitica.com.mx\/index.php?rest_route=%2Fwp%2Fv2%2Ftags&post=37959"}],"curies":[{"name":"wp","href":"https:\/\/api.w.org\/{rel}","templated":true}]}}