{"id":37971,"date":"2025-02-26T14:01:51","date_gmt":"2025-02-26T20:01:51","guid":{"rendered":"https:\/\/labestiapolitica.com.mx\/?p=37971"},"modified":"2025-02-26T14:01:51","modified_gmt":"2025-02-26T20:01:51","slug":"nueva-unidad-de-traslados-y-proteccion-civil-en-tocatlan-para-el-bienestar-ciudadano-%f0%9f%9a%91","status":"publish","type":"post","link":"https:\/\/labestiapolitica.com.mx\/?p=37971","title":{"rendered":"Nueva unidad de traslados y Protecci\u00f3n Civil en Tocatl\u00e1n para el bienestar ciudadano \ud83d\ude91."},"content":{"rendered":"<div class=\"xdj266r x11i5rnm xat24cr x1mh8g0r x1vvkbs x126k92a\">\n<div dir=\"auto\" style=\"text-align: justify;\">El municipio de Tocatl\u00e1n ha incorporado una nueva unidad de traslados programados y Protecci\u00f3n Civil, fortaleciendo as\u00ed los servicios de emergencia y atenci\u00f3n m\u00e9dica para la comunidad.<\/div>\n<\/div>\n<div class=\"x11i5rnm xat24cr x1mh8g0r x1vvkbs xtlvy1s x126k92a\" style=\"text-align: justify;\">\n<div dir=\"auto\">Con esta nueva unidad, se garantiza un traslado seguro y eficiente para quienes requieren atenci\u00f3n m\u00e9dica especializada fuera del municipio, adem\u00e1s de mejorar la capacidad de respuesta ante situaciones de emergencia y protecci\u00f3n civil.<\/div>\n<\/div>\n<div class=\"x11i5rnm xat24cr x1mh8g0r x1vvkbs xtlvy1s x126k92a\">\n<div dir=\"auto\" style=\"text-align: justify;\">Este esfuerzo refleja el compromiso de las autoridades con la salud y seguridad de los ciudadanos, asegurando que Tocatl\u00e1n cuente con los recursos necesarios para atender cualquier eventualidad.<\/div>\n<\/div>\n<div dir=\"auto\"><\/div>\n<div dir=\"auto\"><img loading=\"lazy\" decoding=\"async\" class=\"alignnone size-full wp-image-28405\" src=\"https:\/\/labestiapolitica.com.mx\/wp-content\/uploads\/2024\/06\/U-NOVA-y-se-diferente.png\" alt=\"\" width=\"1000\" height=\"600\" srcset=\"https:\/\/labestiapolitica.com.mx\/wp-content\/uploads\/2024\/06\/U-NOVA-y-se-diferente.png 1000w, https:\/\/labestiapolitica.com.mx\/wp-content\/uploads\/2024\/06\/U-NOVA-y-se-diferente-300x180.png 300w, https:\/\/labestiapolitica.com.mx\/wp-content\/uploads\/2024\/06\/U-NOVA-y-se-diferente-768x461.png 768w\" sizes=\"auto, (max-width: 1000px) 100vw, 1000px\" \/><\/div>\n","protected":false},"excerpt":{"rendered":"<p>El municipio de Tocatl\u00e1n ha incorporado una nueva unidad de traslados programados y Protecci\u00f3n Civil, fortaleciendo as\u00ed los servicios de emergencia y atenci\u00f3n m\u00e9dica para la comunidad. Con esta nueva unidad, se garantiza un traslado seguro y eficiente para quienes requieren atenci\u00f3n m\u00e9dica especializada fuera del municipio, adem\u00e1s de mejorar la capacidad de respuesta ante [&hellip;]<\/p>\n","protected":false},"author":3,"featured_media":37972,"comment_status":"open","ping_status":"open","sticky":false,"template":"","format":"standard","meta":{"footnotes":""},"categories":[7,216,221],"tags":[],"class_list":["post-37971","post","type-post","status-publish","format-standard","has-post-thumbnail","hentry","category-ciudadanos","category-municipios","category-tocatlan"],"amp_enabled":true,"_links":{"self":[{"href":"https:\/\/labestiapolitica.com.mx\/index.php?rest_route=\/wp\/v2\/posts\/37971","targetHints":{"allow":["GET"]}}],"collection":[{"href":"https:\/\/labestiapolitica.com.mx\/index.php?rest_route=\/wp\/v2\/posts"}],"about":[{"href":"https:\/\/labestiapolitica.com.mx\/index.php?rest_route=\/wp\/v2\/types\/post"}],"author":[{"embeddable":true,"href":"https:\/\/labestiapolitica.com.mx\/index.php?rest_route=\/wp\/v2\/users\/3"}],"replies":[{"embeddable":true,"href":"https:\/\/labestiapolitica.com.mx\/index.php?rest_route=%2Fwp%2Fv2%2Fcomments&post=37971"}],"version-history":[{"count":1,"href":"https:\/\/labestiapolitica.com.mx\/index.php?rest_route=\/wp\/v2\/posts\/37971\/revisions"}],"predecessor-version":[{"id":37973,"href":"https:\/\/labestiapolitica.com.mx\/index.php?rest_route=\/wp\/v2\/posts\/37971\/revisions\/37973"}],"wp:featuredmedia":[{"embeddable":true,"href":"https:\/\/labestiapolitica.com.mx\/index.php?rest_route=\/wp\/v2\/media\/37972"}],"wp:attachment":[{"href":"https:\/\/labestiapolitica.com.mx\/index.php?rest_route=%2Fwp%2Fv2%2Fmedia&parent=37971"}],"wp:term":[{"taxonomy":"category","embeddable":true,"href":"https:\/\/labestiapolitica.com.mx\/index.php?rest_route=%2Fwp%2Fv2%2Fcategories&post=37971"},{"taxonomy":"post_tag","embeddable":true,"href":"https:\/\/labestiapolitica.com.mx\/index.php?rest_route=%2Fwp%2Fv2%2Ftags&post=37971"}],"curies":[{"name":"wp","href":"https:\/\/api.w.org\/{rel}","templated":true}]}}