{"id":37977,"date":"2025-02-26T14:13:57","date_gmt":"2025-02-26T20:13:57","guid":{"rendered":"https:\/\/labestiapolitica.com.mx\/?p=37977"},"modified":"2025-03-10T22:32:05","modified_gmt":"2025-03-11T04:32:05","slug":"%f0%9f%8f%98%ef%b8%8f-entrega-de-cuartos-dormitorio-en-san-sebastian-atlahapa","status":"publish","type":"post","link":"https:\/\/labestiapolitica.com.mx\/?p=37977","title":{"rendered":"\ud83c\udfd8\ufe0f Entrega de cuartos dormitorio en San Sebasti\u00e1n Atlahapa"},"content":{"rendered":"<p style=\"text-align: justify;\" data-start=\"157\" data-end=\"401\">El presidente municipal <strong data-start=\"181\" data-end=\"207\">Alfonso S\u00e1nchez Garc\u00eda<\/strong> particip\u00f3 en la entrega de <strong data-start=\"235\" data-end=\"257\">cuartos dormitorio<\/strong> como parte del programa <strong data-start=\"282\" data-end=\"325\">Viviendas Adecuadas con Espacios Dignos<\/strong>, contribuyendo a mejorar la calidad de vida de las familias tlaxcaltecas.<\/p>\n<p style=\"text-align: justify;\" data-start=\"403\" data-end=\"736\">Durante el evento, el alcalde reconoci\u00f3 el esfuerzo de la <strong data-start=\"461\" data-end=\"491\">gobernadora Lorena Cu\u00e9llar<\/strong> para garantizar <strong data-start=\"508\" data-end=\"528\">viviendas dignas<\/strong> para la poblaci\u00f3n, destacando que con la <strong data-start=\"570\" data-end=\"642\">reforma constitucional impulsada por la presidenta Claudia Sheinbaum<\/strong>, este derecho se fortalece, asegurando espacios adecuados para quienes m\u00e1s lo necesitan. \ud83c\udfe1<\/p>\n<p style=\"text-align: justify;\" data-start=\"738\" data-end=\"835\">\ud83d\udd39 <strong data-start=\"741\" data-end=\"821\">El trabajo en unidad permite m\u00e1s y mejores oportunidades para todas y todos.<\/strong> \ud83d\udc68\u200d\ud83d\udc69\u200d\ud83d\udc66\u200d\ud83d\udc66<\/p>\n<p style=\"text-align: justify;\" data-start=\"837\" data-end=\"1029\">#HistoriaQueEscribimosJuntos #TlaxcalaDeXicoht\u00e9ncatl<br data-start=\"889\" data-end=\"892\" \/>#ViviendasAdecuadasConEspaciosDignos #LaBestiaPoliticaTlaxcalaCapital<br data-start=\"961\" data-end=\"964\" \/>@Tlaxcala de Xicoht\u00e9ncatl 2024-2027<br data-start=\"999\" data-end=\"1002\" \/>@alfonsosanchezgarcia.tlx<\/p>\n<p data-start=\"837\" data-end=\"1029\"><img loading=\"lazy\" decoding=\"async\" class=\"alignnone size-full wp-image-37979\" src=\"https:\/\/labestiapolitica.com.mx\/wp-content\/uploads\/2025\/02\/2-44.png\" alt=\"\" width=\"2000\" height=\"1200\" srcset=\"https:\/\/labestiapolitica.com.mx\/wp-content\/uploads\/2025\/02\/2-44.png 2000w, https:\/\/labestiapolitica.com.mx\/wp-content\/uploads\/2025\/02\/2-44-300x180.png 300w, https:\/\/labestiapolitica.com.mx\/wp-content\/uploads\/2025\/02\/2-44-1024x614.png 1024w, https:\/\/labestiapolitica.com.mx\/wp-content\/uploads\/2025\/02\/2-44-768x461.png 768w, https:\/\/labestiapolitica.com.mx\/wp-content\/uploads\/2025\/02\/2-44-1536x922.png 1536w\" sizes=\"auto, (max-width: 2000px) 100vw, 2000px\" \/> <img loading=\"lazy\" decoding=\"async\" class=\"alignnone size-full wp-image-37981\" src=\"https:\/\/labestiapolitica.com.mx\/wp-content\/uploads\/2025\/02\/3-37.png\" alt=\"\" width=\"2000\" height=\"1200\" srcset=\"https:\/\/labestiapolitica.com.mx\/wp-content\/uploads\/2025\/02\/3-37.png 2000w, https:\/\/labestiapolitica.com.mx\/wp-content\/uploads\/2025\/02\/3-37-300x180.png 300w, https:\/\/labestiapolitica.com.mx\/wp-content\/uploads\/2025\/02\/3-37-1024x614.png 1024w, https:\/\/labestiapolitica.com.mx\/wp-content\/uploads\/2025\/02\/3-37-768x461.png 768w, https:\/\/labestiapolitica.com.mx\/wp-content\/uploads\/2025\/02\/3-37-1536x922.png 1536w\" sizes=\"auto, (max-width: 2000px) 100vw, 2000px\" \/><\/p>\n<p data-start=\"837\" data-end=\"1029\">\n","protected":false},"excerpt":{"rendered":"<p>El presidente municipal Alfonso S\u00e1nchez Garc\u00eda particip\u00f3 en la entrega de cuartos dormitorio como parte del programa Viviendas Adecuadas con Espacios Dignos, contribuyendo a mejorar la calidad de vida de las familias tlaxcaltecas. Durante el evento, el alcalde reconoci\u00f3 el esfuerzo de la gobernadora Lorena Cu\u00e9llar para garantizar viviendas dignas para la poblaci\u00f3n, destacando que [&hellip;]<\/p>\n","protected":false},"author":3,"featured_media":37978,"comment_status":"open","ping_status":"open","sticky":false,"template":"","format":"standard","meta":{"footnotes":""},"categories":[12,216,214],"tags":[],"class_list":["post-37977","post","type-post","status-publish","format-standard","has-post-thumbnail","hentry","category-brujula-2026","category-municipios","category-tlaxcala-capital"],"amp_enabled":true,"_links":{"self":[{"href":"https:\/\/labestiapolitica.com.mx\/index.php?rest_route=\/wp\/v2\/posts\/37977","targetHints":{"allow":["GET"]}}],"collection":[{"href":"https:\/\/labestiapolitica.com.mx\/index.php?rest_route=\/wp\/v2\/posts"}],"about":[{"href":"https:\/\/labestiapolitica.com.mx\/index.php?rest_route=\/wp\/v2\/types\/post"}],"author":[{"embeddable":true,"href":"https:\/\/labestiapolitica.com.mx\/index.php?rest_route=\/wp\/v2\/users\/3"}],"replies":[{"embeddable":true,"href":"https:\/\/labestiapolitica.com.mx\/index.php?rest_route=%2Fwp%2Fv2%2Fcomments&post=37977"}],"version-history":[{"count":1,"href":"https:\/\/labestiapolitica.com.mx\/index.php?rest_route=\/wp\/v2\/posts\/37977\/revisions"}],"predecessor-version":[{"id":37982,"href":"https:\/\/labestiapolitica.com.mx\/index.php?rest_route=\/wp\/v2\/posts\/37977\/revisions\/37982"}],"wp:featuredmedia":[{"embeddable":true,"href":"https:\/\/labestiapolitica.com.mx\/index.php?rest_route=\/wp\/v2\/media\/37978"}],"wp:attachment":[{"href":"https:\/\/labestiapolitica.com.mx\/index.php?rest_route=%2Fwp%2Fv2%2Fmedia&parent=37977"}],"wp:term":[{"taxonomy":"category","embeddable":true,"href":"https:\/\/labestiapolitica.com.mx\/index.php?rest_route=%2Fwp%2Fv2%2Fcategories&post=37977"},{"taxonomy":"post_tag","embeddable":true,"href":"https:\/\/labestiapolitica.com.mx\/index.php?rest_route=%2Fwp%2Fv2%2Ftags&post=37977"}],"curies":[{"name":"wp","href":"https:\/\/api.w.org\/{rel}","templated":true}]}}