{"id":37980,"date":"2025-02-26T14:15:24","date_gmt":"2025-02-26T20:15:24","guid":{"rendered":"https:\/\/labestiapolitica.com.mx\/?p=37980"},"modified":"2025-02-26T14:15:24","modified_gmt":"2025-02-26T20:15:24","slug":"totolac-conmemora-el-dia-naranja-con-conferencia-sobre-violencia-de-genero-en-el-servicio-publico","status":"publish","type":"post","link":"https:\/\/labestiapolitica.com.mx\/?p=37980","title":{"rendered":"Totolac conmemora el D\u00eda Naranja con conferencia sobre violencia de g\u00e9nero en el servicio p\u00fablico."},"content":{"rendered":"<p>Totolac conmemora el D\u00eda Naranja con conferencia sobre violencia de g\u00e9nero en el servicio p\u00fablico.<\/p>\n<p>El Gobierno Municipal a trav\u00e9s de la Instancia de la Mujer Totolac que preside la Lic.: \ud835\uddec\ud835\uddee\ud835\uddf7\ud835\uddee\ud835\uddf6\ud835\uddff\ud835\uddee \ud835\uddda\ud835\uddee\ud835\uddff\ud835\uddf0\u00ed\ud835\uddee \ud835\udded\ud835\uddf2\ud835\uddfa\ud835\uddfd\ud835\uddfc\ud835\uddee\ud835\uddf9\ud835\ude01\ud835\uddf2\ud835\uddf0\ud835\uddee, conmemor\u00f3 el \ud835\uddd7\u00ed\ud835\uddee \ud835\udde1\ud835\uddee\ud835\uddff\ud835\uddee\ud835\uddfb\ud835\uddf7\ud835\uddee con una conferencia dirigida a mujeres, que tuvo como sede la comunidad de Zaragoza, denominada \u201c\ud835\udde9\ud835\uddf6\ud835\uddfc\ud835\uddf9\ud835\uddf2\ud835\uddfb\ud835\uddf0\ud835\uddf6\ud835\uddee \ud835\uddf1\ud835\uddf2 \ud835\uddda\u00e9\ud835\uddfb\ud835\uddf2\ud835\uddff\ud835\uddfc \ud835\uddf2\ud835\uddfb \ud835\uddf2\ud835\uddf9 \ud835\udde6\ud835\uddf2\ud835\uddff\ud835\ude03\ud835\uddf6\ud835\uddf0\ud835\uddf6\ud835\uddfc \ud835\udde3\u00fa\ud835\uddef\ud835\uddf9\ud835\uddf6\ud835\uddf0\ud835\uddfc\u201d, impartida por la maestra, Violeta Aurora Hern\u00e1ndez, quien mantuvo a las asistentes muy atentas y participativas, pues cada vez son m\u00e1s las que est\u00e1n interesadas en alcanzar una vida \ud835\uddfd\ud835\uddf9\ud835\uddf2\ud835\uddfb\ud835\uddee, \ud835\uddf9\ud835\uddf6\ud835\uddef\ud835\uddff\ud835\uddf2 \ud835\uddf2 \ud835\uddf6\ud835\uddf4\ud835\ude02\ud835\uddee\ud835\uddf9\ud835\uddf6\ud835\ude01\ud835\uddee\ud835\uddff\ud835\uddf6\ud835\uddee.<br \/>\nTambi\u00e9n particip\u00f3 la Presidenta y directora del DIF Municipal Totolac: \ud835\udde0\ud835\ude01\ud835\uddff\ud835\uddee.: \ud835\uddd4\ud835\uddf1\ud835\uddff\ud835\uddf6\ud835\uddee\ud835\uddfb\ud835\uddee \ud835\uddd4\ud835\ude01\ud835\uddfc\ud835\uddfb\ud835\uddee\ud835\uddf9 \ud835\uddda\ud835\uddfc\ud835\uddfb\ud835\ude07\u00e1\ud835\uddf9\ud835\uddf2\ud835\ude07 \ud835\ude06 \ud835\udde0\ud835\ude01\ud835\uddff\ud835\uddee.: \ud835\udddf\ud835\uddf2\ud835\uddfc\ud835\uddef\ud835\uddee\ud835\uddff\ud835\uddf1\ud835\uddee \ud835\udddb\ud835\uddf2\ud835\uddff\ud835\uddfb\u00e1\ud835\uddfb\ud835\uddf1\ud835\uddf2\ud835\ude07 \ud835\udde0\ud835\uddfc\ud835\uddf9\ud835\uddf6\ud835\uddfb\ud835\uddee, as\u00ed como funcionarias de las diversas \u00e1reas; Desde el Gobierno Municipal de Totolac 24-27 continuaremos generando acciones que permitan \ud835\uddf2\ud835\uddff\ud835\uddff\ud835\uddee\ud835\uddf1\ud835\uddf6\ud835\uddf0\ud835\uddee\ud835\uddff \ud835\uddf9\ud835\uddee \ud835\ude03\ud835\uddf6\ud835\uddfc\ud835\uddf9\ud835\uddf2\ud835\uddfb\ud835\uddf0\ud835\uddf6\ud835\uddee en las 9 comunidades que conforman el municipio.<\/p>\n<p>&nbsp;<\/p>\n<p><img loading=\"lazy\" decoding=\"async\" class=\"alignnone size-full wp-image-28405\" src=\"https:\/\/labestiapolitica.com.mx\/wp-content\/uploads\/2024\/06\/U-NOVA-y-se-diferente.png\" alt=\"\" width=\"1000\" height=\"600\" srcset=\"https:\/\/labestiapolitica.com.mx\/wp-content\/uploads\/2024\/06\/U-NOVA-y-se-diferente.png 1000w, https:\/\/labestiapolitica.com.mx\/wp-content\/uploads\/2024\/06\/U-NOVA-y-se-diferente-300x180.png 300w, https:\/\/labestiapolitica.com.mx\/wp-content\/uploads\/2024\/06\/U-NOVA-y-se-diferente-768x461.png 768w\" sizes=\"auto, (max-width: 1000px) 100vw, 1000px\" \/><\/p>\n","protected":false},"excerpt":{"rendered":"<p>Totolac conmemora el D\u00eda Naranja con conferencia sobre violencia de g\u00e9nero en el servicio p\u00fablico. El Gobierno Municipal a trav\u00e9s de la Instancia de la Mujer Totolac que preside la Lic.: \ud835\uddec\ud835\uddee\ud835\uddf7\ud835\uddee\ud835\uddf6\ud835\uddff\ud835\uddee \ud835\uddda\ud835\uddee\ud835\uddff\ud835\uddf0\u00ed\ud835\uddee \ud835\udded\ud835\uddf2\ud835\uddfa\ud835\uddfd\ud835\uddfc\ud835\uddee\ud835\uddf9\ud835\ude01\ud835\uddf2\ud835\uddf0\ud835\uddee, conmemor\u00f3 el \ud835\uddd7\u00ed\ud835\uddee \ud835\udde1\ud835\uddee\ud835\uddff\ud835\uddee\ud835\uddfb\ud835\uddf7\ud835\uddee con una conferencia dirigida a mujeres, que tuvo como sede la comunidad de Zaragoza, denominada \u201c\ud835\udde9\ud835\uddf6\ud835\uddfc\ud835\uddf9\ud835\uddf2\ud835\uddfb\ud835\uddf0\ud835\uddf6\ud835\uddee \ud835\uddf1\ud835\uddf2 [&hellip;]<\/p>\n","protected":false},"author":3,"featured_media":37983,"comment_status":"open","ping_status":"open","sticky":false,"template":"","format":"standard","meta":{"footnotes":""},"categories":[12,216,225],"tags":[],"class_list":["post-37980","post","type-post","status-publish","format-standard","has-post-thumbnail","hentry","category-brujula-2026","category-municipios","category-totolac"],"amp_enabled":true,"_links":{"self":[{"href":"https:\/\/labestiapolitica.com.mx\/index.php?rest_route=\/wp\/v2\/posts\/37980","targetHints":{"allow":["GET"]}}],"collection":[{"href":"https:\/\/labestiapolitica.com.mx\/index.php?rest_route=\/wp\/v2\/posts"}],"about":[{"href":"https:\/\/labestiapolitica.com.mx\/index.php?rest_route=\/wp\/v2\/types\/post"}],"author":[{"embeddable":true,"href":"https:\/\/labestiapolitica.com.mx\/index.php?rest_route=\/wp\/v2\/users\/3"}],"replies":[{"embeddable":true,"href":"https:\/\/labestiapolitica.com.mx\/index.php?rest_route=%2Fwp%2Fv2%2Fcomments&post=37980"}],"version-history":[{"count":2,"href":"https:\/\/labestiapolitica.com.mx\/index.php?rest_route=\/wp\/v2\/posts\/37980\/revisions"}],"predecessor-version":[{"id":37985,"href":"https:\/\/labestiapolitica.com.mx\/index.php?rest_route=\/wp\/v2\/posts\/37980\/revisions\/37985"}],"wp:featuredmedia":[{"embeddable":true,"href":"https:\/\/labestiapolitica.com.mx\/index.php?rest_route=\/wp\/v2\/media\/37983"}],"wp:attachment":[{"href":"https:\/\/labestiapolitica.com.mx\/index.php?rest_route=%2Fwp%2Fv2%2Fmedia&parent=37980"}],"wp:term":[{"taxonomy":"category","embeddable":true,"href":"https:\/\/labestiapolitica.com.mx\/index.php?rest_route=%2Fwp%2Fv2%2Fcategories&post=37980"},{"taxonomy":"post_tag","embeddable":true,"href":"https:\/\/labestiapolitica.com.mx\/index.php?rest_route=%2Fwp%2Fv2%2Ftags&post=37980"}],"curies":[{"name":"wp","href":"https:\/\/api.w.org\/{rel}","templated":true}]}}