{"id":37987,"date":"2025-02-26T15:56:44","date_gmt":"2025-02-26T21:56:44","guid":{"rendered":"https:\/\/labestiapolitica.com.mx\/?p=37987"},"modified":"2025-03-10T22:32:54","modified_gmt":"2025-03-11T04:32:54","slug":"alianza-estrategica-numetika-y-la-bestia-politica-unen-fuerzas-para-medir-el-pulso-de-tlaxcala","status":"publish","type":"post","link":"https:\/\/labestiapolitica.com.mx\/?p=37987","title":{"rendered":"Alianza estrat\u00e9gica&#8230;Numetika y La Bestia Pol\u00edtica unen fuerzas para medir el Pulso de Tlaxcala"},"content":{"rendered":"<div class=\"flex-1 overflow-hidden @container\/thread translate-y-[2rem] -mt-[2rem] pb-[1.5rem]\">\n<div class=\"relative h-full\">\n<div class=\"flex h-full flex-col overflow-y-auto [scrollbar-gutter:stable]\">\n<div class=\"flex flex-col text-sm md:pb-9\">\n<article class=\"w-full text-token-text-primary focus-visible:outline-2 focus-visible:outline-offset-[-4px]\" dir=\"auto\" data-testid=\"conversation-turn-9\" data-scroll-anchor=\"true\">\n<div class=\"m-auto text-base py-[18px] px-6\">\n<div class=\"mx-auto flex flex-1 text-base gap-4 md:gap-5 lg:gap-6 md:max-w-3xl lg:max-w-[40rem] xl:max-w-[48rem]\">\n<div class=\"group\/conversation-turn relative flex w-full min-w-0 flex-col agent-turn @xs\/thread:px-0 @sm\/thread:px-1.5 @md\/thread:px-4\">\n<div class=\"flex-col gap-1 md:gap-3\">\n<div class=\"flex max-w-full flex-col flex-grow\">\n<div class=\"min-h-8 text-message relative flex w-full flex-col items-end gap-2 whitespace-normal break-words text-start [.text-message+&amp;]:mt-5\" dir=\"auto\" data-message-author-role=\"assistant\" data-message-id=\"1289daec-1da2-4c26-b1aa-f3db2245708e\" data-message-model-slug=\"gpt-4o\">\n<div class=\"flex w-full flex-col gap-1 empty:hidden first:pt-[3px]\">\n<div class=\"markdown prose w-full break-words dark:prose-invert dark\">\n<p style=\"text-align: justify;\" data-start=\"175\" data-end=\"303\">\ud83d\udcca <strong data-start=\"178\" data-end=\"301\">An\u00e1lisis en tiempo real: la alianza que revelar\u00e1 el sentir ciudadano en el estado.\u00a0<\/strong><\/p>\n<p style=\"text-align: justify;\" data-start=\"175\" data-end=\"303\">El primer estudio de opini\u00f3n que ser\u00e1 lanzado esta semana es la denominada: \ud83d\udcca \u00abEncuesta: A Mitad del Camino, \u00bfCumple la Gobernadora con Tlaxcala?\u00bb. Participa y vota. A mitad de su mandato, Lorena Cu\u00e9llar, la primera mandataria de la Cuarta Transformaci\u00f3n, ser\u00e1 evaluada por los tlaxcaltecas en diversos rubros clave. \u00bfHa cumplido con sus compromisos? \u00bfC\u00f3mo calificas su gesti\u00f3n en temas de seguridad, salud, econom\u00eda y bienestar social?, entre otros.<\/p>\n<p data-start=\"175\" data-end=\"303\"><img loading=\"lazy\" decoding=\"async\" class=\"alignnone size-full wp-image-38007\" src=\"https:\/\/labestiapolitica.com.mx\/wp-content\/uploads\/2025\/02\/lorena22.jpg\" alt=\"\" width=\"1000\" height=\"600\" srcset=\"https:\/\/labestiapolitica.com.mx\/wp-content\/uploads\/2025\/02\/lorena22.jpg 1000w, https:\/\/labestiapolitica.com.mx\/wp-content\/uploads\/2025\/02\/lorena22-300x180.jpg 300w, https:\/\/labestiapolitica.com.mx\/wp-content\/uploads\/2025\/02\/lorena22-768x461.jpg 768w\" sizes=\"auto, (max-width: 1000px) 100vw, 1000px\" \/><\/p>\n<p style=\"text-align: justify;\" data-start=\"305\" data-end=\"542\">En un esfuerzo por fortalecer el an\u00e1lisis de la opini\u00f3n p\u00fablica y ofrecer informaci\u00f3n estrat\u00e9gica sobre temas de inter\u00e9s ciudadano, <strong data-start=\"437\" data-end=\"500\">Numetika y La Bestia Pol\u00edtica han sellado una alianza clave<\/strong> para medir el pulso social en Tlaxcala.<\/p>\n<p style=\"text-align: justify;\" data-start=\"544\" data-end=\"907\"><strong data-start=\"544\" data-end=\"556\">Numetika<\/strong>, empresa tlaxcalteca fundada en 2024, apuesta por el desarrollo de capital intelectual local, especializ\u00e1ndose en la recopilaci\u00f3n y an\u00e1lisis de datos en la era digital. Con un enfoque en la generaci\u00f3n de encuestas y sondeos estrat\u00e9gicos, la firma busca ofrecer herramientas clave para la toma de decisiones en sectores tanto p\u00fablicos como privados.<\/p>\n<p style=\"text-align: justify;\" data-start=\"909\" data-end=\"1173\">A trav\u00e9s de esta colaboraci\u00f3n, <strong data-start=\"940\" data-end=\"1049\">se implementar\u00e1n estudios especializados que permitir\u00e1n conocer la percepci\u00f3n ciudadana sobre temas clave<\/strong>, como el desempe\u00f1o de la gobernadora del estado y las tendencias en intenci\u00f3n de voto rumbo al proceso electoral de 2027.<\/p>\n<p style=\"text-align: justify;\" data-start=\"1175\" data-end=\"1335\">En una primera fase, la alianza aprovechar\u00e1 plataformas digitales para generar <strong data-start=\"1254\" data-end=\"1293\">un panorama actualizado y confiable<\/strong> del sentir de la poblaci\u00f3n tlaxcalteca.<\/p>\n<p style=\"text-align: justify;\" data-start=\"1175\" data-end=\"1335\"><em data-start=\"1339\" data-end=\"1517\">\u00abLa opini\u00f3n de la sociedad es fundamental para la toma de decisiones, y esta alianza nos permitir\u00e1 ofrecer ejercicios que reflejen el pensamiento colectivo de los tlaxcaltecas\u00bb<\/em>, destac\u00f3 Teresa L\u00f3pez, jefa de relaciones p\u00fablicas de Numetika.<\/p>\n<p style=\"text-align: justify;\" data-start=\"0\" data-end=\"365\"><strong data-start=\"0\" data-end=\"22\">La Bestia Pol\u00edtica<\/strong> es un medio de comunicaci\u00f3n especializado en el an\u00e1lisis pol\u00edtico y la difusi\u00f3n de informaci\u00f3n estrat\u00e9gica, consolid\u00e1ndose como un referente en la opini\u00f3n p\u00fablica de Tlaxcala. Con el lema <strong data-start=\"211\" data-end=\"237\" data-is-only-node=\"\">\u201cComunicaci\u00f3n y Poder\u201d<\/strong>, se enfoca en proporcionar contenidos basados en datos, tendencias y hechos relevantes que impactan en la toma de decisiones.<\/p>\n<p style=\"text-align: justify;\" data-start=\"367\" data-end=\"627\" data-is-last-node=\"\" data-is-only-node=\"\">El director de <strong data-start=\"396\" data-end=\"418\">La Bestia Pol\u00edtica, Edgar Garcia Gallegos , <\/strong>subray\u00f3 la importancia del an\u00e1lisis basado en datos para comprender las din\u00e1micas sociales y pol\u00edticas que definir\u00e1n el rumbo del estado, reafirmando su compromiso con una informaci\u00f3n objetiva y fundamentada.<\/p>\n<p style=\"text-align: justify;\" data-start=\"1762\" data-end=\"1943\">Los resultados de estos estudios ser\u00e1n difundidos peri\u00f3dicamente a trav\u00e9s de diversos canales, con el objetivo de mantener informada a la poblaci\u00f3n y contribuir al debate p\u00fablico.<\/p>\n<p style=\"text-align: justify;\" data-start=\"1945\" data-end=\"2013\" data-is-last-node=\"\" data-is-only-node=\"\">\ud83d\udd0d <strong data-start=\"1948\" data-end=\"2013\" data-is-last-node=\"\">\u00bfQu\u00e9 opinan los tlaxcaltecas? Muy pronto, los datos hablar\u00e1n.<\/strong><\/p>\n<\/div>\n<\/div>\n<\/div>\n<\/div>\n<div class=\"mb-2 flex gap-3 empty:hidden -ml-2\" style=\"text-align: justify;\">\n<div class=\"items-center justify-start rounded-xl p-1 flex\">\n<div class=\"flex items-center\">\n<p>&nbsp;<\/p>\n<div class=\"flex items-center pb-0\"><\/div>\n<\/div>\n<\/div>\n<\/div>\n<div class=\"mt-3 w-full empty:hidden\" style=\"text-align: justify;\">\n<div class=\"text-center\"><\/div>\n<\/div>\n<\/div>\n<div class=\"absolute\">\n<div class=\"flex items-center justify-center\" style=\"text-align: justify;\"><\/div>\n<\/div>\n<\/div>\n<\/div>\n<\/div>\n<\/article>\n<div class=\"pointer-events-none h-px w-px\" aria-hidden=\"true\" data-edge=\"true\"><\/div>\n<div><\/div>\n<\/div>\n<\/div>\n<\/div>\n<\/div>\n<div class=\"md:pt-0 dark:border-white\/20 md:border-transparent md:dark:border-transparent w-full isolate has-[[data-has-thread-error]]:[box-shadow:var(--sharp-edge-bottom-shadow)] has-[[data-has-thread-error]]:pt-2\">\n<div class=\"m-auto text-base px-3 md:px-4 w-full md:px-5 lg:px-4 xl:px-5\">\n<div class=\"mx-auto flex flex-1 text-base gap-4 md:gap-5 lg:gap-6 md:max-w-3xl lg:max-w-[40rem] xl:max-w-[48rem]\">\n<div class=\"flex justify-center empty:hidden\"><\/div>\n<form class=\"w-full\" aria-haspopup=\"dialog\" aria-expanded=\"false\" aria-controls=\"radix-:r6n:\" data-state=\"closed\">\n<div class=\"relative z-[1] flex h-full max-w-full flex-1 flex-col\">\n<div class=\"absolute bottom-full left-0 right-0 z-20\"><\/div>\n<div class=\"group relative z-[1] flex w-full items-center\">\n<div class=\"w-full\">\n<div id=\"composer-background\" class=\"flex w-full cursor-text flex-col rounded-3xl border border-token-border-light px-3 py-1 duration-150 ease-in-out contain-inline-size motion-safe:transition-[color,background-color,border-color,text-decoration-color,fill,stroke,box-shadow] dark:border-none dark:shadow-none shadow-[0_9px_9px_0px_rgba(0,0,0,0.01),_0_2px_5px_0px_rgba(0,0,0,0.06)] has-[:focus]:shadow-[0_2px_12px_0px_rgba(0,0,0,0.04),_0_9px_9px_0px_rgba(0,0,0,0.01),_0_2px_5px_0px_rgba(0,0,0,0.06)] bg-token-main-surface-primary dark:bg-[#303030]\">\n<div class=\"flex flex-col justify-start\">\n<div class=\"flex min-h-[44px] items-start pl-1\">\n<div class=\"min-w-0 max-w-full flex-1\">\n<div class=\"_prosemirror-parent_1r7mb_1 text-token-text-primary max-h-[25dvh] max-h-52 overflow-auto default-browser\">\n<p>&nbsp;<\/p>\n<div id=\"prompt-textarea\" class=\"ProseMirror\" contenteditable=\"true\" translate=\"no\" data-virtualkeyboard=\"true\"><\/div>\n<\/div>\n<\/div>\n<\/div>\n<\/div>\n<\/div>\n<\/div>\n<\/div>\n<\/div>\n<\/form>\n<\/div>\n<\/div>\n<\/div>\n","protected":false},"excerpt":{"rendered":"<p>\ud83d\udcca An\u00e1lisis en tiempo real: la alianza que revelar\u00e1 el sentir ciudadano en el estado.\u00a0 El primer estudio de opini\u00f3n que ser\u00e1 lanzado esta semana es la denominada: \ud83d\udcca \u00abEncuesta: A Mitad del Camino, \u00bfCumple la Gobernadora con Tlaxcala?\u00bb. Participa y vota. A mitad de su mandato, Lorena Cu\u00e9llar, la primera mandataria de la Cuarta [&hellip;]<\/p>\n","protected":false},"author":3,"featured_media":37997,"comment_status":"open","ping_status":"open","sticky":false,"template":"","format":"standard","meta":{"footnotes":""},"categories":[12],"tags":[],"class_list":["post-37987","post","type-post","status-publish","format-standard","has-post-thumbnail","hentry","category-brujula-2026"],"amp_enabled":true,"_links":{"self":[{"href":"https:\/\/labestiapolitica.com.mx\/index.php?rest_route=\/wp\/v2\/posts\/37987","targetHints":{"allow":["GET"]}}],"collection":[{"href":"https:\/\/labestiapolitica.com.mx\/index.php?rest_route=\/wp\/v2\/posts"}],"about":[{"href":"https:\/\/labestiapolitica.com.mx\/index.php?rest_route=\/wp\/v2\/types\/post"}],"author":[{"embeddable":true,"href":"https:\/\/labestiapolitica.com.mx\/index.php?rest_route=\/wp\/v2\/users\/3"}],"replies":[{"embeddable":true,"href":"https:\/\/labestiapolitica.com.mx\/index.php?rest_route=%2Fwp%2Fv2%2Fcomments&post=37987"}],"version-history":[{"count":4,"href":"https:\/\/labestiapolitica.com.mx\/index.php?rest_route=\/wp\/v2\/posts\/37987\/revisions"}],"predecessor-version":[{"id":38008,"href":"https:\/\/labestiapolitica.com.mx\/index.php?rest_route=\/wp\/v2\/posts\/37987\/revisions\/38008"}],"wp:featuredmedia":[{"embeddable":true,"href":"https:\/\/labestiapolitica.com.mx\/index.php?rest_route=\/wp\/v2\/media\/37997"}],"wp:attachment":[{"href":"https:\/\/labestiapolitica.com.mx\/index.php?rest_route=%2Fwp%2Fv2%2Fmedia&parent=37987"}],"wp:term":[{"taxonomy":"category","embeddable":true,"href":"https:\/\/labestiapolitica.com.mx\/index.php?rest_route=%2Fwp%2Fv2%2Fcategories&post=37987"},{"taxonomy":"post_tag","embeddable":true,"href":"https:\/\/labestiapolitica.com.mx\/index.php?rest_route=%2Fwp%2Fv2%2Ftags&post=37987"}],"curies":[{"name":"wp","href":"https:\/\/api.w.org\/{rel}","templated":true}]}}