{"id":38057,"date":"2025-02-27T12:01:27","date_gmt":"2025-02-27T18:01:27","guid":{"rendered":"https:\/\/labestiapolitica.com.mx\/?p=38057"},"modified":"2025-03-09T14:51:47","modified_gmt":"2025-03-09T20:51:47","slug":"%e2%9a%96%ef%b8%8f-tlaxcala-firma-el-decalogo-de-compromisos-por-la-transparencia","status":"publish","type":"post","link":"https:\/\/labestiapolitica.com.mx\/?p=38057","title":{"rendered":"\u2696\ufe0f Tlaxcala firma el Dec\u00e1logo de Compromisos por la Transparencia"},"content":{"rendered":"<p data-start=\"163\" data-end=\"399\">El <strong data-start=\"166\" data-end=\"194\">Ayuntamiento de Tlaxcala<\/strong> particip\u00f3 en la firma del <strong data-start=\"221\" data-end=\"335\">Dec\u00e1logo de Compromisos por la Transparencia, Acceso a la Informaci\u00f3n P\u00fablica y Protecci\u00f3n de Datos Personales<\/strong>, durante la <strong data-start=\"348\" data-end=\"396\">Sesi\u00f3n Ordinaria del Pleno del IAIP Tlaxcala<\/strong>.<\/p>\n<p data-start=\"401\" data-end=\"651\">El presidente municipal <strong data-start=\"425\" data-end=\"451\">Alfonso S\u00e1nchez Garc\u00eda<\/strong> destac\u00f3 las acciones implementadas por su administraci\u00f3n para garantizar la <strong data-start=\"528\" data-end=\"571\">transparencia y la rendici\u00f3n de cuentas<\/strong>, en beneficio de la ciudadan\u00eda y en cumplimiento de las normas aplicables. \ud83d\udcc3<\/p>\n<p data-start=\"653\" data-end=\"829\">\ud83d\udd39 <strong data-start=\"656\" data-end=\"725\">El acceso a la informaci\u00f3n p\u00fablica es un derecho de todas y todos<\/strong>, y el Ayuntamiento de Tlaxcala trabaja desde el primer d\u00eda para hacerlo una realidad en el municipio.<\/p>\n<p data-start=\"831\" data-end=\"1030\">#HistoriaQueEscribimosJuntos #TlaxcalaDeXicoht\u00e9ncatl<br data-start=\"883\" data-end=\"886\" \/>#TlaxcalaPorLaTransparencia #IAIPTlaxcala<br data-start=\"927\" data-end=\"930\" \/>#LaBestiaPoliticaTlaxcalaCapital<br data-start=\"962\" data-end=\"965\" \/>@Tlaxcala de Xicoht\u00e9ncatl 2024-2027<br data-start=\"1000\" data-end=\"1003\" \/>@alfonsosanchezgarcia.tlx<img loading=\"lazy\" decoding=\"async\" class=\"alignnone size-full wp-image-38059\" src=\"https:\/\/labestiapolitica.com.mx\/wp-content\/uploads\/2025\/02\/2-45.png\" alt=\"\" width=\"2000\" height=\"1200\" srcset=\"https:\/\/labestiapolitica.com.mx\/wp-content\/uploads\/2025\/02\/2-45.png 2000w, https:\/\/labestiapolitica.com.mx\/wp-content\/uploads\/2025\/02\/2-45-300x180.png 300w, https:\/\/labestiapolitica.com.mx\/wp-content\/uploads\/2025\/02\/2-45-1024x614.png 1024w, https:\/\/labestiapolitica.com.mx\/wp-content\/uploads\/2025\/02\/2-45-768x461.png 768w, https:\/\/labestiapolitica.com.mx\/wp-content\/uploads\/2025\/02\/2-45-1536x922.png 1536w\" sizes=\"auto, (max-width: 2000px) 100vw, 2000px\" \/> <img loading=\"lazy\" decoding=\"async\" class=\"alignnone size-full wp-image-38060\" src=\"https:\/\/labestiapolitica.com.mx\/wp-content\/uploads\/2025\/02\/3-38.png\" alt=\"\" width=\"2000\" height=\"1200\" srcset=\"https:\/\/labestiapolitica.com.mx\/wp-content\/uploads\/2025\/02\/3-38.png 2000w, https:\/\/labestiapolitica.com.mx\/wp-content\/uploads\/2025\/02\/3-38-300x180.png 300w, https:\/\/labestiapolitica.com.mx\/wp-content\/uploads\/2025\/02\/3-38-1024x614.png 1024w, https:\/\/labestiapolitica.com.mx\/wp-content\/uploads\/2025\/02\/3-38-768x461.png 768w, https:\/\/labestiapolitica.com.mx\/wp-content\/uploads\/2025\/02\/3-38-1536x922.png 1536w\" sizes=\"auto, (max-width: 2000px) 100vw, 2000px\" \/><\/p>\n","protected":false},"excerpt":{"rendered":"<p>El Ayuntamiento de Tlaxcala particip\u00f3 en la firma del Dec\u00e1logo de Compromisos por la Transparencia, Acceso a la Informaci\u00f3n P\u00fablica y Protecci\u00f3n de Datos Personales, durante la Sesi\u00f3n Ordinaria del Pleno del IAIP Tlaxcala. El presidente municipal Alfonso S\u00e1nchez Garc\u00eda destac\u00f3 las acciones implementadas por su administraci\u00f3n para garantizar la transparencia y la rendici\u00f3n de [&hellip;]<\/p>\n","protected":false},"author":3,"featured_media":38058,"comment_status":"open","ping_status":"open","sticky":false,"template":"","format":"standard","meta":{"footnotes":""},"categories":[12,216,214],"tags":[],"class_list":["post-38057","post","type-post","status-publish","format-standard","has-post-thumbnail","hentry","category-brujula-2026","category-municipios","category-tlaxcala-capital"],"amp_enabled":true,"_links":{"self":[{"href":"https:\/\/labestiapolitica.com.mx\/index.php?rest_route=\/wp\/v2\/posts\/38057","targetHints":{"allow":["GET"]}}],"collection":[{"href":"https:\/\/labestiapolitica.com.mx\/index.php?rest_route=\/wp\/v2\/posts"}],"about":[{"href":"https:\/\/labestiapolitica.com.mx\/index.php?rest_route=\/wp\/v2\/types\/post"}],"author":[{"embeddable":true,"href":"https:\/\/labestiapolitica.com.mx\/index.php?rest_route=\/wp\/v2\/users\/3"}],"replies":[{"embeddable":true,"href":"https:\/\/labestiapolitica.com.mx\/index.php?rest_route=%2Fwp%2Fv2%2Fcomments&post=38057"}],"version-history":[{"count":1,"href":"https:\/\/labestiapolitica.com.mx\/index.php?rest_route=\/wp\/v2\/posts\/38057\/revisions"}],"predecessor-version":[{"id":38061,"href":"https:\/\/labestiapolitica.com.mx\/index.php?rest_route=\/wp\/v2\/posts\/38057\/revisions\/38061"}],"wp:featuredmedia":[{"embeddable":true,"href":"https:\/\/labestiapolitica.com.mx\/index.php?rest_route=\/wp\/v2\/media\/38058"}],"wp:attachment":[{"href":"https:\/\/labestiapolitica.com.mx\/index.php?rest_route=%2Fwp%2Fv2%2Fmedia&parent=38057"}],"wp:term":[{"taxonomy":"category","embeddable":true,"href":"https:\/\/labestiapolitica.com.mx\/index.php?rest_route=%2Fwp%2Fv2%2Fcategories&post=38057"},{"taxonomy":"post_tag","embeddable":true,"href":"https:\/\/labestiapolitica.com.mx\/index.php?rest_route=%2Fwp%2Fv2%2Ftags&post=38057"}],"curies":[{"name":"wp","href":"https:\/\/api.w.org\/{rel}","templated":true}]}}