{"id":38062,"date":"2025-02-27T12:28:45","date_gmt":"2025-02-27T18:28:45","guid":{"rendered":"https:\/\/labestiapolitica.com.mx\/?p=38062"},"modified":"2025-03-09T14:51:37","modified_gmt":"2025-03-09T20:51:37","slug":"%f0%9f%9a%9c-impulso-al-desarrollo-agropecuario-con-alianzas-estrategicas-en-tlaxcala-%f0%9f%8c%be","status":"publish","type":"post","link":"https:\/\/labestiapolitica.com.mx\/?p=38062","title":{"rendered":"\ud83d\ude9c Impulso al desarrollo agropecuario con alianzas estrat\u00e9gicas en Tlaxcala \ud83c\udf3e"},"content":{"rendered":"<p data-start=\"0\" data-end=\"83\">El presidente municipal de <strong data-start=\"203\" data-end=\"223\">Tlaxcala Capital<\/strong>, <strong data-start=\"225\" data-end=\"251\">Alfonso S\u00e1nchez Garc\u00eda<\/strong>, en su calidad de presidente de la <strong data-start=\"287\" data-end=\"298\">AAMTLAX<\/strong>, particip\u00f3 en la <strong data-start=\"316\" data-end=\"356\">firma de un convenio de colaboraci\u00f3n<\/strong> con el <strong data-start=\"364\" data-end=\"412\">Consejo Empresarial Agropecuario de Tlaxcala<\/strong> y la <strong data-start=\"418\" data-end=\"472\">Uni\u00f3n de Peque\u00f1os y Medianos Productores de Cebada<\/strong>.<\/p>\n<p data-start=\"477\" data-end=\"668\">Este acuerdo tiene como objetivo <strong data-start=\"510\" data-end=\"547\">fortalecer el sector agropecuario<\/strong> mediante el desarrollo de <strong data-start=\"574\" data-end=\"596\">pol\u00edticas p\u00fablicas<\/strong> que impulsen la productividad y el crecimiento del campo tlaxcalteca.<\/p>\n<p data-start=\"670\" data-end=\"795\">\ud83c\udf8b <strong data-start=\"673\" data-end=\"793\">La suma de esfuerzos permite consolidar oportunidades para el sector agr\u00edcola y garantizar su desarrollo sostenible.<\/strong><\/p>\n<p data-start=\"797\" data-end=\"979\">#HistoriaQueEscribimosJuntos #TlaxcalaDeXicoht\u00e9ncatl<br data-start=\"849\" data-end=\"852\" \/>#ImpulsoAlCampoTlaxcalteca #LaBestiaPoliticaTlaxcalaCapital<br data-start=\"911\" data-end=\"914\" \/>@Tlaxcala de Xicoht\u00e9ncatl 2024-2027<br data-start=\"949\" data-end=\"952\" \/>@alfonsosanchezgarcia.tlx<\/p>\n<p data-start=\"797\" data-end=\"979\"><img loading=\"lazy\" decoding=\"async\" class=\"alignnone size-full wp-image-38064\" src=\"https:\/\/labestiapolitica.com.mx\/wp-content\/uploads\/2025\/02\/2-46.png\" alt=\"\" width=\"2000\" height=\"1200\" srcset=\"https:\/\/labestiapolitica.com.mx\/wp-content\/uploads\/2025\/02\/2-46.png 2000w, https:\/\/labestiapolitica.com.mx\/wp-content\/uploads\/2025\/02\/2-46-300x180.png 300w, https:\/\/labestiapolitica.com.mx\/wp-content\/uploads\/2025\/02\/2-46-1024x614.png 1024w, https:\/\/labestiapolitica.com.mx\/wp-content\/uploads\/2025\/02\/2-46-768x461.png 768w, https:\/\/labestiapolitica.com.mx\/wp-content\/uploads\/2025\/02\/2-46-1536x922.png 1536w\" sizes=\"auto, (max-width: 2000px) 100vw, 2000px\" \/> <img loading=\"lazy\" decoding=\"async\" class=\"alignnone size-full wp-image-38065\" src=\"https:\/\/labestiapolitica.com.mx\/wp-content\/uploads\/2025\/02\/3-39.png\" alt=\"\" width=\"2000\" height=\"1200\" srcset=\"https:\/\/labestiapolitica.com.mx\/wp-content\/uploads\/2025\/02\/3-39.png 2000w, https:\/\/labestiapolitica.com.mx\/wp-content\/uploads\/2025\/02\/3-39-300x180.png 300w, https:\/\/labestiapolitica.com.mx\/wp-content\/uploads\/2025\/02\/3-39-1024x614.png 1024w, https:\/\/labestiapolitica.com.mx\/wp-content\/uploads\/2025\/02\/3-39-768x461.png 768w, https:\/\/labestiapolitica.com.mx\/wp-content\/uploads\/2025\/02\/3-39-1536x922.png 1536w\" sizes=\"auto, (max-width: 2000px) 100vw, 2000px\" \/><\/p>\n","protected":false},"excerpt":{"rendered":"<p>El presidente municipal de Tlaxcala Capital, Alfonso S\u00e1nchez Garc\u00eda, en su calidad de presidente de la AAMTLAX, particip\u00f3 en la firma de un convenio de colaboraci\u00f3n con el Consejo Empresarial Agropecuario de Tlaxcala y la Uni\u00f3n de Peque\u00f1os y Medianos Productores de Cebada. Este acuerdo tiene como objetivo fortalecer el sector agropecuario mediante el desarrollo [&hellip;]<\/p>\n","protected":false},"author":3,"featured_media":38063,"comment_status":"open","ping_status":"open","sticky":false,"template":"","format":"standard","meta":{"footnotes":""},"categories":[12,216,214],"tags":[],"class_list":["post-38062","post","type-post","status-publish","format-standard","has-post-thumbnail","hentry","category-brujula-2026","category-municipios","category-tlaxcala-capital"],"amp_enabled":true,"_links":{"self":[{"href":"https:\/\/labestiapolitica.com.mx\/index.php?rest_route=\/wp\/v2\/posts\/38062","targetHints":{"allow":["GET"]}}],"collection":[{"href":"https:\/\/labestiapolitica.com.mx\/index.php?rest_route=\/wp\/v2\/posts"}],"about":[{"href":"https:\/\/labestiapolitica.com.mx\/index.php?rest_route=\/wp\/v2\/types\/post"}],"author":[{"embeddable":true,"href":"https:\/\/labestiapolitica.com.mx\/index.php?rest_route=\/wp\/v2\/users\/3"}],"replies":[{"embeddable":true,"href":"https:\/\/labestiapolitica.com.mx\/index.php?rest_route=%2Fwp%2Fv2%2Fcomments&post=38062"}],"version-history":[{"count":2,"href":"https:\/\/labestiapolitica.com.mx\/index.php?rest_route=\/wp\/v2\/posts\/38062\/revisions"}],"predecessor-version":[{"id":38686,"href":"https:\/\/labestiapolitica.com.mx\/index.php?rest_route=\/wp\/v2\/posts\/38062\/revisions\/38686"}],"wp:featuredmedia":[{"embeddable":true,"href":"https:\/\/labestiapolitica.com.mx\/index.php?rest_route=\/wp\/v2\/media\/38063"}],"wp:attachment":[{"href":"https:\/\/labestiapolitica.com.mx\/index.php?rest_route=%2Fwp%2Fv2%2Fmedia&parent=38062"}],"wp:term":[{"taxonomy":"category","embeddable":true,"href":"https:\/\/labestiapolitica.com.mx\/index.php?rest_route=%2Fwp%2Fv2%2Fcategories&post=38062"},{"taxonomy":"post_tag","embeddable":true,"href":"https:\/\/labestiapolitica.com.mx\/index.php?rest_route=%2Fwp%2Fv2%2Ftags&post=38062"}],"curies":[{"name":"wp","href":"https:\/\/api.w.org\/{rel}","templated":true}]}}