{"id":38067,"date":"2025-02-27T12:40:23","date_gmt":"2025-02-27T18:40:23","guid":{"rendered":"https:\/\/labestiapolitica.com.mx\/?p=38067"},"modified":"2025-03-09T14:50:57","modified_gmt":"2025-03-09T20:50:57","slug":"%f0%9f%93%a2-nuevos-delegados-municipales-toman-protesta-en-tlaxcala-de-xicohtencatl-%f0%9f%a4%9d%f0%9f%8f%9b%ef%b8%8f","status":"publish","type":"post","link":"https:\/\/labestiapolitica.com.mx\/?p=38067","title":{"rendered":"\ud83d\udce2 Nuevos delegados municipales toman protesta en Tlaxcala de Xicoht\u00e9ncatl \ud83e\udd1d\ud83c\udfdb\ufe0f"},"content":{"rendered":"<p style=\"text-align: justify;\" data-start=\"178\" data-end=\"391\">El presidente municipal <strong data-start=\"202\" data-end=\"228\">Alfonso S\u00e1nchez Garc\u00eda<\/strong> encabez\u00f3 la <strong data-start=\"241\" data-end=\"280\">VI Sesi\u00f3n Extraordinaria de Cabildo<\/strong>, donde se llev\u00f3 a cabo la toma de protesta de las <strong data-start=\"331\" data-end=\"353\">nuevas autoridades<\/strong> de diversas colonias del municipio.<\/p>\n<p style=\"text-align: justify;\" data-start=\"393\" data-end=\"662\">\ud83d\udd39 Durante el evento, el alcalde enfatiz\u00f3: <em data-start=\"436\" data-end=\"550\">\u201cLas elecciones ya terminaron; aqu\u00ed no hay colores ni partidos, solo trabajo en favor de Tlaxcala y de su gente\u201d<\/em>, haciendo un llamado a los nuevos delegados a desempe\u00f1ar su labor con responsabilidad y compromiso ciudadano.<\/p>\n<p style=\"text-align: justify;\" data-start=\"664\" data-end=\"1102\">\ud83d\udc65 <strong data-start=\"667\" data-end=\"704\">Delegados que rindieron protesta:<\/strong><br data-start=\"704\" data-end=\"707\" \/>\u2705 <strong data-start=\"709\" data-end=\"733\">Arely Gonz\u00e1lez P\u00e9rez<\/strong> &#8211; Colonia San Isidro<br data-start=\"754\" data-end=\"757\" \/>\u2705 <strong data-start=\"759\" data-end=\"790\">Antonia Amalia Jim\u00e9nez Cote<\/strong> &#8211; Colonia Adolfo L\u00f3pez Mateos<br data-start=\"820\" data-end=\"823\" \/>\u2705 <strong data-start=\"825\" data-end=\"849\">Jacobo Ju\u00e1rez Cuapio<\/strong> &#8211; Colonia La Loma Xicoht\u00e9ncatl<br data-start=\"880\" data-end=\"883\" \/>\u2705 <strong data-start=\"885\" data-end=\"908\" data-is-only-node=\"\">Norma Figueroa Le\u00f3n<\/strong> &#8211; Colonia Loma Bonita<br data-start=\"930\" data-end=\"933\" \/>\u2705 <strong data-start=\"935\" data-end=\"965\">Santiago Zambrano Gonz\u00e1lez<\/strong> &#8211; Colonia El Sabinal<br data-start=\"986\" data-end=\"989\" \/>\u2705 <strong data-start=\"991\" data-end=\"1019\">Luis Javier Sapien Mu\u00f1oz<\/strong> &#8211; Colonia Tlapancalco<br data-start=\"1041\" data-end=\"1044\" \/>\u2705 <strong data-start=\"1046\" data-end=\"1082\">Mar\u00eda Teresa Covarrubias S\u00e1nchez<\/strong> &#8211; Colonia La Joya<\/p>\n<p style=\"text-align: justify;\" data-start=\"1104\" data-end=\"1267\">\ud83d\ude4c En representaci\u00f3n de los delegados salientes, <strong data-start=\"1153\" data-end=\"1178\">Javier S\u00e1nchez Garc\u00eda<\/strong> agradeci\u00f3 el apoyo recibido y dese\u00f3 \u00e9xito a quienes ahora asumen esta responsabilidad.<\/p>\n<p style=\"text-align: justify;\" data-start=\"1269\" data-end=\"1417\">\ud83d\udcaa\u2728 Con esta acci\u00f3n, se fortalece el compromiso de construir un <strong data-start=\"1333\" data-end=\"1414\">Tlaxcala m\u00e1s pr\u00f3spero, inclusivo y con mejores condiciones para todas y todos<\/strong>.<\/p>\n<p style=\"text-align: justify;\" data-start=\"1419\" data-end=\"1572\">#TlaxcalaUnida #GobiernoCercano #TrabajoPorLaGente<br data-start=\"1469\" data-end=\"1472\" \/>#LaBestiaPoliticaTlaxcalaCapital<br data-start=\"1504\" data-end=\"1507\" \/>@Tlaxcala de Xicoht\u00e9ncatl 2024-2027<img loading=\"lazy\" decoding=\"async\" class=\"alignnone size-full wp-image-38069\" src=\"https:\/\/labestiapolitica.com.mx\/wp-content\/uploads\/2025\/02\/2-47.png\" alt=\"\" width=\"2000\" height=\"1200\" srcset=\"https:\/\/labestiapolitica.com.mx\/wp-content\/uploads\/2025\/02\/2-47.png 2000w, https:\/\/labestiapolitica.com.mx\/wp-content\/uploads\/2025\/02\/2-47-300x180.png 300w, https:\/\/labestiapolitica.com.mx\/wp-content\/uploads\/2025\/02\/2-47-1024x614.png 1024w, https:\/\/labestiapolitica.com.mx\/wp-content\/uploads\/2025\/02\/2-47-768x461.png 768w, https:\/\/labestiapolitica.com.mx\/wp-content\/uploads\/2025\/02\/2-47-1536x922.png 1536w\" sizes=\"auto, (max-width: 2000px) 100vw, 2000px\" \/> <img loading=\"lazy\" decoding=\"async\" class=\"alignnone size-full wp-image-38070\" src=\"https:\/\/labestiapolitica.com.mx\/wp-content\/uploads\/2025\/02\/4-15.png\" alt=\"\" width=\"2000\" height=\"1200\" srcset=\"https:\/\/labestiapolitica.com.mx\/wp-content\/uploads\/2025\/02\/4-15.png 2000w, https:\/\/labestiapolitica.com.mx\/wp-content\/uploads\/2025\/02\/4-15-300x180.png 300w, https:\/\/labestiapolitica.com.mx\/wp-content\/uploads\/2025\/02\/4-15-1024x614.png 1024w, https:\/\/labestiapolitica.com.mx\/wp-content\/uploads\/2025\/02\/4-15-768x461.png 768w, https:\/\/labestiapolitica.com.mx\/wp-content\/uploads\/2025\/02\/4-15-1536x922.png 1536w\" sizes=\"auto, (max-width: 2000px) 100vw, 2000px\" \/> <img loading=\"lazy\" decoding=\"async\" class=\"alignnone size-full wp-image-38071\" src=\"https:\/\/labestiapolitica.com.mx\/wp-content\/uploads\/2025\/02\/1-48.png\" alt=\"\" width=\"2000\" height=\"1200\" srcset=\"https:\/\/labestiapolitica.com.mx\/wp-content\/uploads\/2025\/02\/1-48.png 2000w, https:\/\/labestiapolitica.com.mx\/wp-content\/uploads\/2025\/02\/1-48-300x180.png 300w, https:\/\/labestiapolitica.com.mx\/wp-content\/uploads\/2025\/02\/1-48-1024x614.png 1024w, https:\/\/labestiapolitica.com.mx\/wp-content\/uploads\/2025\/02\/1-48-768x461.png 768w, https:\/\/labestiapolitica.com.mx\/wp-content\/uploads\/2025\/02\/1-48-1536x922.png 1536w\" sizes=\"auto, (max-width: 2000px) 100vw, 2000px\" \/><br data-start=\"1542\" data-end=\"1545\" \/>@alfonsosanchezgarcia.tlx<\/p>\n","protected":false},"excerpt":{"rendered":"<p>El presidente municipal Alfonso S\u00e1nchez Garc\u00eda encabez\u00f3 la VI Sesi\u00f3n Extraordinaria de Cabildo, donde se llev\u00f3 a cabo la toma de protesta de las nuevas autoridades de diversas colonias del municipio. \ud83d\udd39 Durante el evento, el alcalde enfatiz\u00f3: \u201cLas elecciones ya terminaron; aqu\u00ed no hay colores ni partidos, solo trabajo en favor de Tlaxcala y [&hellip;]<\/p>\n","protected":false},"author":3,"featured_media":38068,"comment_status":"open","ping_status":"open","sticky":false,"template":"","format":"standard","meta":{"footnotes":""},"categories":[12,216,214],"tags":[],"class_list":["post-38067","post","type-post","status-publish","format-standard","has-post-thumbnail","hentry","category-brujula-2026","category-municipios","category-tlaxcala-capital"],"amp_enabled":true,"_links":{"self":[{"href":"https:\/\/labestiapolitica.com.mx\/index.php?rest_route=\/wp\/v2\/posts\/38067","targetHints":{"allow":["GET"]}}],"collection":[{"href":"https:\/\/labestiapolitica.com.mx\/index.php?rest_route=\/wp\/v2\/posts"}],"about":[{"href":"https:\/\/labestiapolitica.com.mx\/index.php?rest_route=\/wp\/v2\/types\/post"}],"author":[{"embeddable":true,"href":"https:\/\/labestiapolitica.com.mx\/index.php?rest_route=\/wp\/v2\/users\/3"}],"replies":[{"embeddable":true,"href":"https:\/\/labestiapolitica.com.mx\/index.php?rest_route=%2Fwp%2Fv2%2Fcomments&post=38067"}],"version-history":[{"count":1,"href":"https:\/\/labestiapolitica.com.mx\/index.php?rest_route=\/wp\/v2\/posts\/38067\/revisions"}],"predecessor-version":[{"id":38072,"href":"https:\/\/labestiapolitica.com.mx\/index.php?rest_route=\/wp\/v2\/posts\/38067\/revisions\/38072"}],"wp:featuredmedia":[{"embeddable":true,"href":"https:\/\/labestiapolitica.com.mx\/index.php?rest_route=\/wp\/v2\/media\/38068"}],"wp:attachment":[{"href":"https:\/\/labestiapolitica.com.mx\/index.php?rest_route=%2Fwp%2Fv2%2Fmedia&parent=38067"}],"wp:term":[{"taxonomy":"category","embeddable":true,"href":"https:\/\/labestiapolitica.com.mx\/index.php?rest_route=%2Fwp%2Fv2%2Fcategories&post=38067"},{"taxonomy":"post_tag","embeddable":true,"href":"https:\/\/labestiapolitica.com.mx\/index.php?rest_route=%2Fwp%2Fv2%2Ftags&post=38067"}],"curies":[{"name":"wp","href":"https:\/\/api.w.org\/{rel}","templated":true}]}}