{"id":38073,"date":"2025-02-27T12:59:36","date_gmt":"2025-02-27T18:59:36","guid":{"rendered":"https:\/\/labestiapolitica.com.mx\/?p=38073"},"modified":"2025-03-09T14:49:35","modified_gmt":"2025-03-09T20:49:35","slug":"implementan-autoridades-de-tlaxcala-y-puebla-operativo-contra-la-tala-ilegal-en-la-malinche","status":"publish","type":"post","link":"https:\/\/labestiapolitica.com.mx\/?p=38073","title":{"rendered":"Implementan Autoridades de #Tlaxcala y #Puebla Operativo Contra la Tala Ilegal en La Malinche"},"content":{"rendered":"<p><em>Durante el despliegue se aseguraron 91 troncos de madera destinados a la elaboraci\u00f3n de carb\u00f3n vegetal.<\/em><\/p>\n<p>En un esfuerzo conjunto para proteger el medio ambiente y garantizar la preservaci\u00f3n de la biodiversidad en el Parque Nacional La Malinche, la Secretar\u00eda de Seguridad Ciudadana (SSC) de Tlaxcala, a trav\u00e9s de la Polic\u00eda de Monta\u00f1a, en coordinaci\u00f3n con la Polic\u00eda Forestal y la Guardia Forestal de la Secretar\u00eda de Seguridad P\u00fablica de Puebla, implementaron un operativo de seguridad enfocado en combatir la tala ilegal en esta zona monta\u00f1osa.<\/p>\n<p>La Malinche, un \u00e1rea protegida de alta importancia ecol\u00f3gica, ha sido objeto de actividades ilegales que ponen en riesgo su biodiversidad y la calidad del aire de las comunidades cercanas. La tala clandestina de \u00e1rboles afecta no solo a los ecosistemas locales, sino que tambi\u00e9n compromete el abastecimiento de agua para las regiones aleda\u00f1as.<\/p>\n<p>Gracias a la estrecha colaboraci\u00f3n interinstitucional entre los estados de Tlaxcala y Puebla, las fuerzas de seguridad han intensificado los patrullajes en las zonas de mayor vulnerabilidad de la monta\u00f1a. Como resultado de estas acciones, durante los recorridos realizados en el municipio de San Pablo del Monte y la comunidad de San Miguel Canoa, se localizaron 91 troncos de madera que eran utilizados para la producci\u00f3n ilegal de carb\u00f3n vegetal. Esta actividad no solo deteriora los recursos naturales, sino que tambi\u00e9n representa un grave riesgo para la salud p\u00fablica debido a los m\u00e9todos inseguros de producci\u00f3n.<\/p>\n<p>La acci\u00f3n conjunta entre las autoridades de ambos estados subraya el compromiso de proteger el medio ambiente, por lo que estos operativos continuar\u00e1n de manera indefinida. Se reforzar\u00e1n los controles en puntos estrat\u00e9gicos y se fortalecer\u00e1 la cooperaci\u00f3n con las comunidades locales para promover pr\u00e1cticas sostenibles.<\/p>\n<p>La Secretar\u00eda de Seguridad Ciudadana reafirma su compromiso con la detecci\u00f3n de delitos ambientales y la vigilancia en las reservas naturales de la entidad, garantizando la protecci\u00f3n de los recursos naturales para las futuras generaciones.<\/p>\n<p>&nbsp;<\/p>\n","protected":false},"excerpt":{"rendered":"<p>Durante el despliegue se aseguraron 91 troncos de madera destinados a la elaboraci\u00f3n de carb\u00f3n vegetal. En un esfuerzo conjunto para proteger el medio ambiente y garantizar la preservaci\u00f3n de la biodiversidad en el Parque Nacional La Malinche, la Secretar\u00eda de Seguridad Ciudadana (SSC) de Tlaxcala, a trav\u00e9s de la Polic\u00eda de Monta\u00f1a, en coordinaci\u00f3n [&hellip;]<\/p>\n","protected":false},"author":3,"featured_media":38074,"comment_status":"open","ping_status":"open","sticky":false,"template":"","format":"standard","meta":{"footnotes":""},"categories":[12,236],"tags":[],"class_list":["post-38073","post","type-post","status-publish","format-standard","has-post-thumbnail","hentry","category-brujula-2026","category-gobierno-de-tlaxcala"],"amp_enabled":true,"_links":{"self":[{"href":"https:\/\/labestiapolitica.com.mx\/index.php?rest_route=\/wp\/v2\/posts\/38073","targetHints":{"allow":["GET"]}}],"collection":[{"href":"https:\/\/labestiapolitica.com.mx\/index.php?rest_route=\/wp\/v2\/posts"}],"about":[{"href":"https:\/\/labestiapolitica.com.mx\/index.php?rest_route=\/wp\/v2\/types\/post"}],"author":[{"embeddable":true,"href":"https:\/\/labestiapolitica.com.mx\/index.php?rest_route=\/wp\/v2\/users\/3"}],"replies":[{"embeddable":true,"href":"https:\/\/labestiapolitica.com.mx\/index.php?rest_route=%2Fwp%2Fv2%2Fcomments&post=38073"}],"version-history":[{"count":1,"href":"https:\/\/labestiapolitica.com.mx\/index.php?rest_route=\/wp\/v2\/posts\/38073\/revisions"}],"predecessor-version":[{"id":38075,"href":"https:\/\/labestiapolitica.com.mx\/index.php?rest_route=\/wp\/v2\/posts\/38073\/revisions\/38075"}],"wp:featuredmedia":[{"embeddable":true,"href":"https:\/\/labestiapolitica.com.mx\/index.php?rest_route=\/wp\/v2\/media\/38074"}],"wp:attachment":[{"href":"https:\/\/labestiapolitica.com.mx\/index.php?rest_route=%2Fwp%2Fv2%2Fmedia&parent=38073"}],"wp:term":[{"taxonomy":"category","embeddable":true,"href":"https:\/\/labestiapolitica.com.mx\/index.php?rest_route=%2Fwp%2Fv2%2Fcategories&post=38073"},{"taxonomy":"post_tag","embeddable":true,"href":"https:\/\/labestiapolitica.com.mx\/index.php?rest_route=%2Fwp%2Fv2%2Ftags&post=38073"}],"curies":[{"name":"wp","href":"https:\/\/api.w.org\/{rel}","templated":true}]}}