{"id":38080,"date":"2025-02-27T17:16:44","date_gmt":"2025-02-27T23:16:44","guid":{"rendered":"https:\/\/labestiapolitica.com.mx\/?p=38080"},"modified":"2025-02-27T17:16:44","modified_gmt":"2025-02-27T23:16:44","slug":"ccom-primera-dependencia-en-sumarse-al-sistema-de-educacion-dual-del-cecyte-emsad","status":"publish","type":"post","link":"https:\/\/labestiapolitica.com.mx\/?p=38080","title":{"rendered":"#CCOM, primera dependencia en sumarse al sistema de educaci\u00f3n dual del #CECyTE-EMSaD"},"content":{"rendered":"<p>&nbsp;<\/p>\n<h3 data-start=\"157\" data-end=\"340\"><em data-start=\"161\" data-end=\"338\">El titular de la Coordinaci\u00f3n de Comunicaci\u00f3n, Octavio Ortega, firm\u00f3 un convenio con el director del subsistema educativo, Blas Marvin, para recibir a estudiantes en formaci\u00f3n<\/em><\/h3>\n<p data-start=\"342\" data-end=\"698\">Con el objetivo de fortalecer la experiencia laboral de estudiantes del Colegio de Estudios Cient\u00edficos y Tecnol\u00f3gicos del Estado de Tlaxcala y los Centros de Educaci\u00f3n Media Superior a Distancia (CECyTE-EMSaD), la Coordinaci\u00f3n de Comunicaci\u00f3n (CCOM) del Gobierno del Estado se convirti\u00f3 en la primera dependencia en sumarse al Sistema de Educaci\u00f3n Dual.<\/p>\n<p data-start=\"700\" data-end=\"928\">El titular de la CCOM, <strong data-start=\"723\" data-end=\"753\">Octavio Ortega Velio Mej\u00eda<\/strong>, destac\u00f3 que este convenio representa una oportunidad clave para que los j\u00f3venes complementen su formaci\u00f3n acad\u00e9mica con experiencia pr\u00e1ctica en entornos reales de trabajo.<\/p>\n<blockquote data-start=\"930\" data-end=\"1173\">\n<p data-start=\"932\" data-end=\"1173\">\u201cEste modelo, que anteriormente conoc\u00edamos como pr\u00e1cticas profesionales, beneficiar\u00e1 mucho a los estudiantes, porque cuando se integran al mercado laboral comienzan a crecer y a desarrollar nuevas habilidades\u201d, enfatiz\u00f3 Ortega Velio Mej\u00eda.<\/p>\n<\/blockquote>\n<p data-start=\"1175\" data-end=\"1527\">El acuerdo permitir\u00e1 que estudiantes del CECyTE-EMSaD realicen actividades en la CCOM, alineadas con su formaci\u00f3n acad\u00e9mica. En este sentido, <strong data-start=\"1317\" data-end=\"1346\">Kevin Barrientos Carvente<\/strong>, estudiante de Dise\u00f1o Gr\u00e1fico Digital en el plantel Huactzinco, ser\u00e1 el primer joven en integrarse a esta experiencia, colaborando en el \u00e1rea de dise\u00f1o de la dependencia estatal.<\/p>\n<p data-start=\"1529\" data-end=\"1706\">Por su parte, el director general del subsistema educativo, <strong data-start=\"1589\" data-end=\"1616\">Blas Marvin Mora Olvera<\/strong>, resalt\u00f3 la importancia del modelo dual para la preparaci\u00f3n profesional de los j\u00f3venes.<\/p>\n<blockquote data-start=\"1708\" data-end=\"1959\">\n<p data-start=\"1710\" data-end=\"1959\">\u201cNuestra labor como directivos es buscar estrategias para que los estudiantes tengan acceso a espacios donde apliquen sus conocimientos y adquieran nuevas herramientas que los ayuden a insertarse en la vida laboral o a profesionalizarse\u201d, explic\u00f3.<\/p>\n<\/blockquote>\n<p data-start=\"1961\" data-end=\"2227\" data-is-last-node=\"\" data-is-only-node=\"\">Este convenio refuerza el compromiso de la administraci\u00f3n estatal con la educaci\u00f3n de calidad y la inserci\u00f3n laboral de los j\u00f3venes tlaxcaltecas, consolidando un puente entre la teor\u00eda y la pr\u00e1ctica en beneficio del desarrollo profesional de las nuevas generaciones.<\/p>\n","protected":false},"excerpt":{"rendered":"<p>&nbsp; El titular de la Coordinaci\u00f3n de Comunicaci\u00f3n, Octavio Ortega, firm\u00f3 un convenio con el director del subsistema educativo, Blas Marvin, para recibir a estudiantes en formaci\u00f3n Con el objetivo de fortalecer la experiencia laboral de estudiantes del Colegio de Estudios Cient\u00edficos y Tecnol\u00f3gicos del Estado de Tlaxcala y los Centros de Educaci\u00f3n Media Superior [&hellip;]<\/p>\n","protected":false},"author":3,"featured_media":38081,"comment_status":"open","ping_status":"open","sticky":false,"template":"","format":"standard","meta":{"footnotes":""},"categories":[12,236],"tags":[],"class_list":["post-38080","post","type-post","status-publish","format-standard","has-post-thumbnail","hentry","category-brujula-2026","category-gobierno-de-tlaxcala"],"amp_enabled":true,"_links":{"self":[{"href":"https:\/\/labestiapolitica.com.mx\/index.php?rest_route=\/wp\/v2\/posts\/38080","targetHints":{"allow":["GET"]}}],"collection":[{"href":"https:\/\/labestiapolitica.com.mx\/index.php?rest_route=\/wp\/v2\/posts"}],"about":[{"href":"https:\/\/labestiapolitica.com.mx\/index.php?rest_route=\/wp\/v2\/types\/post"}],"author":[{"embeddable":true,"href":"https:\/\/labestiapolitica.com.mx\/index.php?rest_route=\/wp\/v2\/users\/3"}],"replies":[{"embeddable":true,"href":"https:\/\/labestiapolitica.com.mx\/index.php?rest_route=%2Fwp%2Fv2%2Fcomments&post=38080"}],"version-history":[{"count":1,"href":"https:\/\/labestiapolitica.com.mx\/index.php?rest_route=\/wp\/v2\/posts\/38080\/revisions"}],"predecessor-version":[{"id":38082,"href":"https:\/\/labestiapolitica.com.mx\/index.php?rest_route=\/wp\/v2\/posts\/38080\/revisions\/38082"}],"wp:featuredmedia":[{"embeddable":true,"href":"https:\/\/labestiapolitica.com.mx\/index.php?rest_route=\/wp\/v2\/media\/38081"}],"wp:attachment":[{"href":"https:\/\/labestiapolitica.com.mx\/index.php?rest_route=%2Fwp%2Fv2%2Fmedia&parent=38080"}],"wp:term":[{"taxonomy":"category","embeddable":true,"href":"https:\/\/labestiapolitica.com.mx\/index.php?rest_route=%2Fwp%2Fv2%2Fcategories&post=38080"},{"taxonomy":"post_tag","embeddable":true,"href":"https:\/\/labestiapolitica.com.mx\/index.php?rest_route=%2Fwp%2Fv2%2Ftags&post=38080"}],"curies":[{"name":"wp","href":"https:\/\/api.w.org\/{rel}","templated":true}]}}