{"id":38083,"date":"2025-02-27T17:34:50","date_gmt":"2025-02-27T23:34:50","guid":{"rendered":"https:\/\/labestiapolitica.com.mx\/?p=38083"},"modified":"2025-03-05T09:12:54","modified_gmt":"2025-03-05T15:12:54","slug":"tlaxcala-recibe-a-los-32-mejores-arqueros-del-pais-en-el-selectivo-nacional-de-tiro-con-arco","status":"publish","type":"post","link":"https:\/\/labestiapolitica.com.mx\/?p=38083","title":{"rendered":"#Tlaxcala recibe a los 32 mejores arqueros del pa\u00eds en el selectivo nacional de tiro con arco"},"content":{"rendered":"<h3 data-start=\"102\" data-end=\"190\"><em data-start=\"106\" data-end=\"188\">La nueva Escuela de Tiro con Arco en el estado alberga esta competencia decisiva<\/em><\/h3>\n<p data-start=\"192\" data-end=\"685\">Tlaxcala vuelve a ser el epicentro del tiro con arco en M\u00e9xico al recibir a los <strong data-start=\"272\" data-end=\"315\">32 mejores arqueros y arqueras del pa\u00eds<\/strong>, quienes competir\u00e1n en la fase final del <strong data-start=\"357\" data-end=\"396\">Selectivo Nacional de Tiro con Arco<\/strong> en la <strong data-start=\"403\" data-end=\"444\">Unidad Deportiva Blas Charro Carvajal<\/strong>. Esta justa, que se desarrollar\u00e1 del <strong data-start=\"482\" data-end=\"513\">27 de febrero al 1 de marzo<\/strong>, definir\u00e1 a la selecci\u00f3n nacional que representar\u00e1 a M\u00e9xico en el <strong data-start=\"580\" data-end=\"682\">serial de Copas del Mundo, el Campeonato Internacional de la especialidad y los Juegos Universales<\/strong>.<\/p>\n<p data-start=\"687\" data-end=\"1123\">El evento re\u00fane a destacados exponentes del <strong data-start=\"731\" data-end=\"759\">arco recurvo y compuesto<\/strong>, entre ellos las medallistas ol\u00edmpicas de bronce en Par\u00eds 2024, <strong data-start=\"824\" data-end=\"860\">Alejandra Valencia y \u00c1ngela Ruiz<\/strong>, as\u00ed como figuras de talla internacional como <strong data-start=\"907\" data-end=\"973\">Mat\u00edas Grande, Dafne Quintero, Maya Becerra y Sebasti\u00e1n Garc\u00eda<\/strong>. Todos ellos han llevado el nombre de M\u00e9xico a lo m\u00e1s alto del podio y ahora buscan asegurar su lugar en las pr\u00f3ximas competencias internacionales.<\/p>\n<h3 data-start=\"1125\" data-end=\"1183\"><strong data-start=\"1129\" data-end=\"1181\">Tlaxcala, referente nacional en el tiro con arco<\/strong><\/h3>\n<p data-start=\"1185\" data-end=\"1585\">El estado se ha consolidado como un <strong data-start=\"1221\" data-end=\"1273\">importante anfitri\u00f3n de eventos de tiro con arco<\/strong>, tras la realizaci\u00f3n de <strong data-start=\"1298\" data-end=\"1398\">dos finales de la Copa del Mundo, dos selectivos nacionales y un selectivo de para tiro con arco<\/strong> en los \u00faltimos tres a\u00f1os. Ahora, con la reciente apertura de la <strong data-start=\"1463\" data-end=\"1491\">Escuela de Tiro con Arco<\/strong>, Tlaxcala refuerza su compromiso con la formaci\u00f3n y el alto rendimiento en esta disciplina.<\/p>\n<p data-start=\"1587\" data-end=\"1732\">En ese sentido, <strong data-start=\"1603\" data-end=\"1625\">Alejandra Valencia<\/strong> comparti\u00f3 su entusiasmo por esta nueva etapa, dejando claro que su pr\u00f3xima meta es <strong data-start=\"1709\" data-end=\"1729\">Los \u00c1ngeles 2028<\/strong>.<\/p>\n<blockquote data-start=\"1734\" data-end=\"1897\">\n<p data-start=\"1736\" data-end=\"1897\">\u201cQuiero seguir acumulando triunfos para M\u00e9xico y, con ello, inspirar a m\u00e1s j\u00f3venes a optar por el deporte como una forma de vida\u201d, se\u00f1al\u00f3 la arquera sonorense.<\/p>\n<\/blockquote>\n<p data-start=\"1899\" data-end=\"2056\">Por su parte, la coahuilense <strong data-start=\"1928\" data-end=\"1943\">\u00c1ngela Ruiz<\/strong>, quien tambi\u00e9n obtuvo medalla en Par\u00eds 2024, destac\u00f3 el impulso que este tipo de eventos brinda a los atletas.<\/p>\n<blockquote data-start=\"2058\" data-end=\"2154\">\n<p data-start=\"2060\" data-end=\"2154\">\u201cDespu\u00e9s de la experiencia en Par\u00eds, trabajo con m\u00e1s ah\u00ednco por mi pr\u00f3xima presea\u201d, expres\u00f3.<\/p>\n<\/blockquote>\n<p data-start=\"2156\" data-end=\"2308\">Ambas arqueras recordaron con cari\u00f1o su \u00faltima visita a Tlaxcala, resaltando el apoyo del p\u00fablico y el <strong data-start=\"2259\" data-end=\"2305\">buen nivel de las instalaciones deportivas<\/strong>.<\/p>\n<p data-start=\"2310\" data-end=\"2448\">El entrenador nacional <strong data-start=\"2333\" data-end=\"2366\">David Alejandro V\u00e9lez S\u00e1nchez<\/strong> tambi\u00e9n elogi\u00f3 las condiciones del estado para el desarrollo del tiro con arco.<\/p>\n<blockquote data-start=\"2450\" data-end=\"2611\">\n<p data-start=\"2452\" data-end=\"2611\">\u201cTlaxcala es un estado tranquilo, lo cual favorece a los deportistas. Es un ambiente muy agradable, sin caos, ideal para este tipo de competencias\u201d, coment\u00f3.<\/p>\n<\/blockquote>\n<p data-start=\"2613\" data-end=\"2822\" data-is-last-node=\"\" data-is-only-node=\"\">Con este evento, Tlaxcala reafirma su papel clave en la promoci\u00f3n y el crecimiento del tiro con arco en M\u00e9xico, brindando un espacio de <strong data-start=\"2749\" data-end=\"2821\">alto nivel para la preparaci\u00f3n y el \u00e9xito de los arqueros nacionales<\/strong>.<\/p>\n","protected":false},"excerpt":{"rendered":"<p>La nueva Escuela de Tiro con Arco en el estado alberga esta competencia decisiva Tlaxcala vuelve a ser el epicentro del tiro con arco en M\u00e9xico al recibir a los 32 mejores arqueros y arqueras del pa\u00eds, quienes competir\u00e1n en la fase final del Selectivo Nacional de Tiro con Arco en la Unidad Deportiva Blas [&hellip;]<\/p>\n","protected":false},"author":3,"featured_media":38084,"comment_status":"open","ping_status":"open","sticky":false,"template":"","format":"standard","meta":{"footnotes":""},"categories":[12,236],"tags":[],"class_list":["post-38083","post","type-post","status-publish","format-standard","has-post-thumbnail","hentry","category-brujula-2026","category-gobierno-de-tlaxcala"],"amp_enabled":true,"_links":{"self":[{"href":"https:\/\/labestiapolitica.com.mx\/index.php?rest_route=\/wp\/v2\/posts\/38083","targetHints":{"allow":["GET"]}}],"collection":[{"href":"https:\/\/labestiapolitica.com.mx\/index.php?rest_route=\/wp\/v2\/posts"}],"about":[{"href":"https:\/\/labestiapolitica.com.mx\/index.php?rest_route=\/wp\/v2\/types\/post"}],"author":[{"embeddable":true,"href":"https:\/\/labestiapolitica.com.mx\/index.php?rest_route=\/wp\/v2\/users\/3"}],"replies":[{"embeddable":true,"href":"https:\/\/labestiapolitica.com.mx\/index.php?rest_route=%2Fwp%2Fv2%2Fcomments&post=38083"}],"version-history":[{"count":1,"href":"https:\/\/labestiapolitica.com.mx\/index.php?rest_route=\/wp\/v2\/posts\/38083\/revisions"}],"predecessor-version":[{"id":38085,"href":"https:\/\/labestiapolitica.com.mx\/index.php?rest_route=\/wp\/v2\/posts\/38083\/revisions\/38085"}],"wp:featuredmedia":[{"embeddable":true,"href":"https:\/\/labestiapolitica.com.mx\/index.php?rest_route=\/wp\/v2\/media\/38084"}],"wp:attachment":[{"href":"https:\/\/labestiapolitica.com.mx\/index.php?rest_route=%2Fwp%2Fv2%2Fmedia&parent=38083"}],"wp:term":[{"taxonomy":"category","embeddable":true,"href":"https:\/\/labestiapolitica.com.mx\/index.php?rest_route=%2Fwp%2Fv2%2Fcategories&post=38083"},{"taxonomy":"post_tag","embeddable":true,"href":"https:\/\/labestiapolitica.com.mx\/index.php?rest_route=%2Fwp%2Fv2%2Ftags&post=38083"}],"curies":[{"name":"wp","href":"https:\/\/api.w.org\/{rel}","templated":true}]}}