{"id":38086,"date":"2025-02-27T17:43:46","date_gmt":"2025-02-27T23:43:46","guid":{"rendered":"https:\/\/labestiapolitica.com.mx\/?p=38086"},"modified":"2025-03-09T14:49:20","modified_gmt":"2025-03-09T20:49:20","slug":"gerardo-zirac-yonca-gana-el-galardon-una-nueva-historia-en-el-iv-concurso-artesanal-de-ixtenco-2025","status":"publish","type":"post","link":"https:\/\/labestiapolitica.com.mx\/?p=38086","title":{"rendered":"Gerardo Zirac Yonca gana el galard\u00f3n \u201cuna nueva historia\u201d en el iv concurso artesanal de #Ixtenco 2025"},"content":{"rendered":"<h3 data-start=\"111\" data-end=\"224\"><em data-start=\"115\" data-end=\"222\">El certamen premi\u00f3 a 20 artesanos con una bolsa total de 100 mil pesos, distribuidos en cuatro categor\u00edas<\/em><\/h3>\n<p data-start=\"226\" data-end=\"595\">El <strong data-start=\"229\" data-end=\"270\">IV Concurso Artesanal de Ixtenco 2025<\/strong> tuvo como gran ganador a <strong data-start=\"296\" data-end=\"325\">Gerardo Zirac Yonca L\u00f3pez<\/strong>, quien recibi\u00f3 el <strong data-start=\"344\" data-end=\"377\">Galard\u00f3n \u201cUna Nueva Historia\u201d<\/strong> por su destacada labor en la creaci\u00f3n de cuadros con semillas. Este reconocimiento fue entregado por autoridades del <strong data-start=\"495\" data-end=\"518\">Gobierno del Estado<\/strong> en un evento que celebr\u00f3 el talento y la preservaci\u00f3n de la cultura otom\u00ed.<\/p>\n<p data-start=\"597\" data-end=\"1114\">Con tan solo <strong data-start=\"610\" data-end=\"629\">25 a\u00f1os de edad<\/strong>, <strong data-start=\"631\" data-end=\"654\">Gerardo Zirac Yonca<\/strong> ha perfeccionado la t\u00e9cnica de elaboraci\u00f3n de cuadros con semillas, una expresi\u00f3n art\u00edstica que refleja el ingenio y la creatividad de los habitantes de Ixtenco. Su proceso de creaci\u00f3n inicia con el trazo del dibujo en madera, seguido de la colocaci\u00f3n meticulosa de semillas de distintas tonalidades con <strong data-start=\"959\" data-end=\"979\">cera de Campeche<\/strong>. Posteriormente, las im\u00e1genes se protegen con laca cristal o barniz para darles brillo y se aplica <strong data-start=\"1079\" data-end=\"1092\">fungicida<\/strong> para evitar plagas.<\/p>\n<blockquote data-start=\"1116\" data-end=\"1308\">\n<p data-start=\"1118\" data-end=\"1308\">\u201cMis dise\u00f1os son variados, desde religiosos hasta retratos personalizados, seg\u00fan lo que me soliciten. Para dar a conocer mi trabajo, participo en diversas expo-ventas\u201d, explic\u00f3 el ganador.<\/p>\n<\/blockquote>\n<h3 data-start=\"1310\" data-end=\"1374\"><strong data-start=\"1314\" data-end=\"1372\">Compromiso con los artesanos y la identidad de Ixtenco<\/strong><\/h3>\n<p data-start=\"1376\" data-end=\"1678\">Durante la ceremonia de premiaci\u00f3n, el titular de la <strong data-start=\"1429\" data-end=\"1479\">Casa de las Artesan\u00edas (CAT), Sa\u00fal P\u00e9rez Bravo<\/strong>, destac\u00f3 el esfuerzo de los gobiernos estatal y municipal para generar una pol\u00edtica que <strong data-start=\"1568\" data-end=\"1616\">atienda las necesidades del sector artesanal<\/strong> y fomente el desarrollo econ\u00f3mico de los creadores locales.<\/p>\n<p data-start=\"1680\" data-end=\"1957\">Por su parte, la presidenta honor\u00edfica del <strong data-start=\"1723\" data-end=\"1834\">Sistema Estatal para el Desarrollo Integral de la Familia (SEDIF), Mariana Espinosa de los Monteros Cu\u00e9llar<\/strong>, subray\u00f3 el reconocimiento de <strong data-start=\"1865\" data-end=\"1895\">Ixtenco como Pueblo M\u00e1gico<\/strong> gracias a su <strong data-start=\"1909\" data-end=\"1954\">legado artesanal, cultural y gastron\u00f3mico<\/strong>.<\/p>\n<blockquote data-start=\"1959\" data-end=\"2163\">\n<p data-start=\"1961\" data-end=\"2163\">\u201cEl trabajo conjunto entre los diferentes niveles de gobierno ha sido clave para valorar el esfuerzo de los artesanos, quienes nos ayudan a conservar nuestras ra\u00edces, cultura y tradiciones\u201d, enfatiz\u00f3.<\/p>\n<\/blockquote>\n<p data-start=\"2165\" data-end=\"2409\">En ese mismo sentido, la presidenta municipal de <strong data-start=\"2214\" data-end=\"2247\">Ixtenco, Aline Lazo Caballero<\/strong>, reafirm\u00f3 su compromiso con el sector artesanal, asegurando que su administraci\u00f3n seguir\u00e1 promoviendo la preservaci\u00f3n del <strong data-start=\"2370\" data-end=\"2394\">\u00faltimo reducto otom\u00ed<\/strong> en Tlaxcala.<\/p>\n<h3 data-start=\"2411\" data-end=\"2472\"><strong data-start=\"2415\" data-end=\"2470\">Premios y reconocimientos a la excelencia artesanal<\/strong><\/h3>\n<p data-start=\"2474\" data-end=\"2658\">En la edici\u00f3n 2025 del concurso, la <strong data-start=\"2510\" data-end=\"2536\">Casa de las Artesan\u00edas<\/strong> seleccion\u00f3 a <strong data-start=\"2550\" data-end=\"2566\">21 creadores<\/strong>, quienes compartieron una bolsa de <strong data-start=\"2602\" data-end=\"2619\">100 mil pesos<\/strong> otorgada por el Gobierno del Estado.<\/p>\n<p data-start=\"2660\" data-end=\"2814\">El <strong data-start=\"2663\" data-end=\"2696\">Galard\u00f3n \u201cUna Nueva Historia\u201d<\/strong> estuvo dotado con <strong data-start=\"2715\" data-end=\"2731\">14 mil pesos<\/strong>, mientras que los premios por categor\u00eda se distribuyeron de la siguiente manera:<\/p>\n<ul data-start=\"2816\" data-end=\"2974\">\n<li data-start=\"2816\" data-end=\"2846\"><strong data-start=\"2818\" data-end=\"2832\">1er lugar:<\/strong> 7 mil pesos<\/li>\n<li data-start=\"2847\" data-end=\"2877\"><strong data-start=\"2849\" data-end=\"2863\">2do lugar:<\/strong> 5 mil pesos<\/li>\n<li data-start=\"2878\" data-end=\"2908\"><strong data-start=\"2880\" data-end=\"2894\">3er lugar:<\/strong> 4 mil pesos<\/li>\n<li data-start=\"2909\" data-end=\"2939\"><strong data-start=\"2911\" data-end=\"2925\">4to lugar:<\/strong> 3 mil pesos<\/li>\n<li data-start=\"2940\" data-end=\"2974\"><strong data-start=\"2942\" data-end=\"2956\">5to lugar:<\/strong> 2 mil 500 pesos<\/li>\n<\/ul>\n<p data-start=\"2976\" data-end=\"3109\">Las categor\u00edas premiadas fueron <strong data-start=\"3008\" data-end=\"3033\">\u201cBordado en Pepenado\u201d<\/strong>, <strong data-start=\"3035\" data-end=\"3060\">\u201cBordado en Chaquira\u201d<\/strong>, <strong data-start=\"3062\" data-end=\"3077\">\u201cCe\u00f1idores\u201d<\/strong> y <strong data-start=\"3080\" data-end=\"3106\">\u201cCuadros con Semillas\u201d<\/strong>.<\/p>\n<h3 data-start=\"3111\" data-end=\"3144\"><strong data-start=\"3115\" data-end=\"3142\">Ganadores por categor\u00eda<\/strong><\/h3>\n<ul data-start=\"3146\" data-end=\"3377\">\n<li data-start=\"3146\" data-end=\"3211\"><strong data-start=\"3148\" data-end=\"3171\">Bordado en Pepenado<\/strong>: <strong data-start=\"3173\" data-end=\"3209\">Xochiquetzalli L\u00f3pez Carpinteyro<\/strong><\/li>\n<li data-start=\"3212\" data-end=\"3264\"><strong data-start=\"3214\" data-end=\"3237\">Bordado en Chaquira<\/strong>: <strong data-start=\"3239\" data-end=\"3262\">Roque V\u00e1zquez Tzoni<\/strong><\/li>\n<li data-start=\"3265\" data-end=\"3306\"><strong data-start=\"3267\" data-end=\"3280\">Ce\u00f1idores<\/strong>: <strong data-start=\"3282\" data-end=\"3304\">Roc\u00edo L\u00f3pez Gaspar<\/strong><\/li>\n<li data-start=\"3307\" data-end=\"3377\"><strong data-start=\"3309\" data-end=\"3333\">Cuadros con Semillas<\/strong>: <strong data-start=\"3335\" data-end=\"3375\">Jos\u00e9 Benjam\u00edn Querub\u00edn Huerta Romero<\/strong><\/li>\n<\/ul>\n<p data-start=\"3379\" data-end=\"3602\">Asimismo, se entregaron <strong data-start=\"3403\" data-end=\"3474\">reconocimientos a los segundos, terceros, cuartos y quintos lugares<\/strong> en cada categor\u00eda, reafirmando el compromiso del estado con la preservaci\u00f3n y promoci\u00f3n del talento artesanal de <strong data-start=\"3588\" data-end=\"3599\">Ixtenco<\/strong>.<\/p>\n<p data-start=\"3604\" data-end=\"3831\" data-is-last-node=\"\" data-is-only-node=\"\">Con este evento, el <strong data-start=\"3624\" data-end=\"3665\">IV Concurso Artesanal de Ixtenco 2025<\/strong> no solo reconoce la maestr\u00eda de los artesanos, sino que tambi\u00e9n impulsa la difusi\u00f3n y preservaci\u00f3n de una de las <strong data-start=\"3779\" data-end=\"3830\">expresiones culturales m\u00e1s valiosas de Tlaxcala<\/strong>.<\/p>\n","protected":false},"excerpt":{"rendered":"<p>El certamen premi\u00f3 a 20 artesanos con una bolsa total de 100 mil pesos, distribuidos en cuatro categor\u00edas El IV Concurso Artesanal de Ixtenco 2025 tuvo como gran ganador a Gerardo Zirac Yonca L\u00f3pez, quien recibi\u00f3 el Galard\u00f3n \u201cUna Nueva Historia\u201d por su destacada labor en la creaci\u00f3n de cuadros con semillas. Este reconocimiento fue [&hellip;]<\/p>\n","protected":false},"author":3,"featured_media":38088,"comment_status":"open","ping_status":"open","sticky":false,"template":"","format":"standard","meta":{"footnotes":""},"categories":[12,236],"tags":[],"class_list":["post-38086","post","type-post","status-publish","format-standard","has-post-thumbnail","hentry","category-brujula-2026","category-gobierno-de-tlaxcala"],"amp_enabled":true,"_links":{"self":[{"href":"https:\/\/labestiapolitica.com.mx\/index.php?rest_route=\/wp\/v2\/posts\/38086","targetHints":{"allow":["GET"]}}],"collection":[{"href":"https:\/\/labestiapolitica.com.mx\/index.php?rest_route=\/wp\/v2\/posts"}],"about":[{"href":"https:\/\/labestiapolitica.com.mx\/index.php?rest_route=\/wp\/v2\/types\/post"}],"author":[{"embeddable":true,"href":"https:\/\/labestiapolitica.com.mx\/index.php?rest_route=\/wp\/v2\/users\/3"}],"replies":[{"embeddable":true,"href":"https:\/\/labestiapolitica.com.mx\/index.php?rest_route=%2Fwp%2Fv2%2Fcomments&post=38086"}],"version-history":[{"count":2,"href":"https:\/\/labestiapolitica.com.mx\/index.php?rest_route=\/wp\/v2\/posts\/38086\/revisions"}],"predecessor-version":[{"id":38089,"href":"https:\/\/labestiapolitica.com.mx\/index.php?rest_route=\/wp\/v2\/posts\/38086\/revisions\/38089"}],"wp:featuredmedia":[{"embeddable":true,"href":"https:\/\/labestiapolitica.com.mx\/index.php?rest_route=\/wp\/v2\/media\/38088"}],"wp:attachment":[{"href":"https:\/\/labestiapolitica.com.mx\/index.php?rest_route=%2Fwp%2Fv2%2Fmedia&parent=38086"}],"wp:term":[{"taxonomy":"category","embeddable":true,"href":"https:\/\/labestiapolitica.com.mx\/index.php?rest_route=%2Fwp%2Fv2%2Fcategories&post=38086"},{"taxonomy":"post_tag","embeddable":true,"href":"https:\/\/labestiapolitica.com.mx\/index.php?rest_route=%2Fwp%2Fv2%2Ftags&post=38086"}],"curies":[{"name":"wp","href":"https:\/\/api.w.org\/{rel}","templated":true}]}}