{"id":38090,"date":"2025-02-27T17:51:18","date_gmt":"2025-02-27T23:51:18","guid":{"rendered":"https:\/\/labestiapolitica.com.mx\/?p=38090"},"modified":"2025-03-09T14:49:03","modified_gmt":"2025-03-09T20:49:03","slug":"llaman-a-proteger-a-animales-de-compania-y-denunciar-el-maltrato-en-municipios","status":"publish","type":"post","link":"https:\/\/labestiapolitica.com.mx\/?p=38090","title":{"rendered":"Llaman a proteger a animales de compa\u00f1\u00eda y denunciar el maltrato en municipios."},"content":{"rendered":"<h3 data-start=\"88\" data-end=\"216\"><em data-start=\"92\" data-end=\"214\">La Coordinaci\u00f3n de Bienestar Animal record\u00f3 que el maltrato es un delito y pidi\u00f3 a la ciudadan\u00eda reportar cualquier caso.<\/em><\/h3>\n<p data-start=\"218\" data-end=\"577\">Ante los recientes casos de <strong data-start=\"246\" data-end=\"294\">perros y gatos envenenados en la v\u00eda p\u00fablica<\/strong> en diversos municipios, el <strong data-start=\"322\" data-end=\"345\">Gobierno del Estado<\/strong>, a trav\u00e9s de la <strong data-start=\"362\" data-end=\"404\">Coordinaci\u00f3n de Bienestar Animal (CBA)<\/strong>, hizo un llamado a la ciudadan\u00eda para <strong data-start=\"443\" data-end=\"521\">proteger a sus animales de compa\u00f1\u00eda y denunciar cualquier acto de maltrato<\/strong>, recordando que esta acci\u00f3n constituye un <strong data-start=\"564\" data-end=\"574\">delito<\/strong>.<\/p>\n<p data-start=\"579\" data-end=\"848\">La titular de la CBA, <strong data-start=\"601\" data-end=\"629\">Stefany P\u00e9rez Bustamante<\/strong>, inform\u00f3 que la <strong data-start=\"646\" data-end=\"667\">polic\u00eda municipal<\/strong> est\u00e1 facultada para intervenir en casos de <strong data-start=\"711\" data-end=\"725\">emergencia<\/strong>, en coordinaci\u00f3n con el <strong data-start=\"750\" data-end=\"757\">C5i<\/strong>, para canalizar las denuncias de manera inmediata a trav\u00e9s de los n\u00fameros <strong data-start=\"832\" data-end=\"845\">911 y 089<\/strong>.<\/p>\n<blockquote data-start=\"850\" data-end=\"1077\">\n<p data-start=\"852\" data-end=\"1077\">\u201cNuestra obligaci\u00f3n y facultad es garantizar el bienestar de los animales, independientemente de las funciones de la Fiscal\u00eda y la Propaet. Nosotros otorgamos servicios veterinarios para atender casos de maltrato\u201d, asegur\u00f3.<\/p>\n<\/blockquote>\n<h3 data-start=\"1079\" data-end=\"1158\"><strong data-start=\"1083\" data-end=\"1156\">Investigaciones en curso y presunta relaci\u00f3n con conflictos vecinales<\/strong><\/h3>\n<p data-start=\"1160\" data-end=\"1464\">De acuerdo con las <strong data-start=\"1179\" data-end=\"1282\">pesquisas realizadas por la Procuradur\u00eda de Protecci\u00f3n al Ambiente del Estado de Tlaxcala (Propaet)<\/strong>, los casos de envenenamiento registrados en <strong data-start=\"1327\" data-end=\"1354\">Ixtacuixtla y Nopalucan<\/strong>, as\u00ed como las agresiones contra un ejemplar en <strong data-start=\"1402\" data-end=\"1413\">Ixtenco<\/strong>, estar\u00edan vinculados a <strong data-start=\"1437\" data-end=\"1461\">conflictos vecinales<\/strong>.<\/p>\n<blockquote data-start=\"1466\" data-end=\"1637\">\n<p data-start=\"1468\" data-end=\"1637\">\u201cMuchas veces, los problemas personales o familiares entre vecinos terminan afectando a los animales de compa\u00f1\u00eda, lo que resulta lamentable\u201d, explic\u00f3 P\u00e9rez Bustamante.<\/p>\n<\/blockquote>\n<p data-start=\"1639\" data-end=\"1864\">Si bien hasta el momento <strong data-start=\"1664\" data-end=\"1706\">no se ha detenido a ning\u00fan responsable<\/strong>, la funcionaria aclar\u00f3 que la <strong data-start=\"1737\" data-end=\"1861\">Fiscal\u00eda, en coordinaci\u00f3n con el C5i, sigue recabando evidencias para determinar responsabilidades y proceder legalmente<\/strong>.<\/p>\n<h3 data-start=\"1866\" data-end=\"1944\"><strong data-start=\"1870\" data-end=\"1942\">Recomendaciones para evitar riesgos y garantizar el bienestar animal<\/strong><\/h3>\n<p data-start=\"1946\" data-end=\"2174\">La Coordinaci\u00f3n de Bienestar Animal insisti\u00f3 en la <strong data-start=\"1997\" data-end=\"2031\">responsabilidad de los tutores<\/strong> de mascotas para mantenerlas en <strong data-start=\"2064\" data-end=\"2084\">entornos seguros<\/strong>, evitando as\u00ed situaciones de <strong data-start=\"2114\" data-end=\"2171\">envenenamiento, atropellamiento o posibles agresiones<\/strong>.<\/p>\n<blockquote data-start=\"2176\" data-end=\"2381\">\n<p data-start=\"2178\" data-end=\"2381\">\u201cTanto es culpable quien comete estos actos como aquellos que no resguardan adecuadamente a sus animales. Es fundamental saber a d\u00f3nde acudir y con qu\u00e9 instancias denunciar\u201d, enfatiz\u00f3 P\u00e9rez Bustamante.<\/p>\n<\/blockquote>\n<p data-start=\"2383\" data-end=\"2596\">Asimismo, record\u00f3 que la <strong data-start=\"2408\" data-end=\"2496\">CBA ofrece servicios veterinarios, revisiones y tratamientos para animales afectados<\/strong>, y que <strong data-start=\"2504\" data-end=\"2552\">las puertas de la dependencia est\u00e1n abiertas<\/strong> para atender cualquier reporte ciudadano.<\/p>\n<p data-start=\"2598\" data-end=\"2759\" data-is-last-node=\"\" data-is-only-node=\"\">El llamado a la poblaci\u00f3n es claro: <strong data-start=\"2634\" data-end=\"2758\">cuidar a los animales de compa\u00f1\u00eda, denunciar el maltrato y trabajar en conjunto para erradicar la violencia contra ellos<\/strong>.<\/p>\n","protected":false},"excerpt":{"rendered":"<p>La Coordinaci\u00f3n de Bienestar Animal record\u00f3 que el maltrato es un delito y pidi\u00f3 a la ciudadan\u00eda reportar cualquier caso. Ante los recientes casos de perros y gatos envenenados en la v\u00eda p\u00fablica en diversos municipios, el Gobierno del Estado, a trav\u00e9s de la Coordinaci\u00f3n de Bienestar Animal (CBA), hizo un llamado a la ciudadan\u00eda [&hellip;]<\/p>\n","protected":false},"author":3,"featured_media":38091,"comment_status":"open","ping_status":"open","sticky":false,"template":"","format":"standard","meta":{"footnotes":""},"categories":[12,236],"tags":[],"class_list":["post-38090","post","type-post","status-publish","format-standard","has-post-thumbnail","hentry","category-brujula-2026","category-gobierno-de-tlaxcala"],"amp_enabled":true,"_links":{"self":[{"href":"https:\/\/labestiapolitica.com.mx\/index.php?rest_route=\/wp\/v2\/posts\/38090","targetHints":{"allow":["GET"]}}],"collection":[{"href":"https:\/\/labestiapolitica.com.mx\/index.php?rest_route=\/wp\/v2\/posts"}],"about":[{"href":"https:\/\/labestiapolitica.com.mx\/index.php?rest_route=\/wp\/v2\/types\/post"}],"author":[{"embeddable":true,"href":"https:\/\/labestiapolitica.com.mx\/index.php?rest_route=\/wp\/v2\/users\/3"}],"replies":[{"embeddable":true,"href":"https:\/\/labestiapolitica.com.mx\/index.php?rest_route=%2Fwp%2Fv2%2Fcomments&post=38090"}],"version-history":[{"count":2,"href":"https:\/\/labestiapolitica.com.mx\/index.php?rest_route=\/wp\/v2\/posts\/38090\/revisions"}],"predecessor-version":[{"id":38093,"href":"https:\/\/labestiapolitica.com.mx\/index.php?rest_route=\/wp\/v2\/posts\/38090\/revisions\/38093"}],"wp:featuredmedia":[{"embeddable":true,"href":"https:\/\/labestiapolitica.com.mx\/index.php?rest_route=\/wp\/v2\/media\/38091"}],"wp:attachment":[{"href":"https:\/\/labestiapolitica.com.mx\/index.php?rest_route=%2Fwp%2Fv2%2Fmedia&parent=38090"}],"wp:term":[{"taxonomy":"category","embeddable":true,"href":"https:\/\/labestiapolitica.com.mx\/index.php?rest_route=%2Fwp%2Fv2%2Fcategories&post=38090"},{"taxonomy":"post_tag","embeddable":true,"href":"https:\/\/labestiapolitica.com.mx\/index.php?rest_route=%2Fwp%2Fv2%2Ftags&post=38090"}],"curies":[{"name":"wp","href":"https:\/\/api.w.org\/{rel}","templated":true}]}}