{"id":38097,"date":"2025-02-27T18:15:39","date_gmt":"2025-02-28T00:15:39","guid":{"rendered":"https:\/\/labestiapolitica.com.mx\/?p=38097"},"modified":"2025-02-27T18:15:39","modified_gmt":"2025-02-28T00:15:39","slug":"tlaxcala-presente-en-la-vitrina-turistica-anato-2025-en-colombia","status":"publish","type":"post","link":"https:\/\/labestiapolitica.com.mx\/?p=38097","title":{"rendered":"Tlaxcala presente en la Vitrina Tur\u00edstica ANATO 2025 en Colombia"},"content":{"rendered":"<h3 data-start=\"74\" data-end=\"198\"><em data-start=\"78\" data-end=\"196\">Secture promueve los atractivos de la entidad y fortalece lazos con inversionistas y tour operadores internacionales<\/em><\/h3>\n<p data-start=\"200\" data-end=\"498\">La <strong data-start=\"203\" data-end=\"249\">Secretar\u00eda de Turismo del Estado (Secture)<\/strong> participa en la <strong data-start=\"266\" data-end=\"360\">Vitrina Tur\u00edstica de la Asociaci\u00f3n Colombiana de Agencias de Viajes y Turismo (ANATO) 2025<\/strong>, que se lleva a cabo en <strong data-start=\"385\" data-end=\"405\">Bogot\u00e1, Colombia<\/strong>, del <strong data-start=\"411\" data-end=\"434\">26 al 28 de febrero<\/strong>, consolidando la promoci\u00f3n de Tlaxcala a nivel internacional.<\/p>\n<p data-start=\"500\" data-end=\"801\">El secretario de Turismo, <strong data-start=\"526\" data-end=\"553\">Fabricio Mena Rodr\u00edguez<\/strong>, encabeza la delegaci\u00f3n tlaxcalteca con el objetivo de <strong data-start=\"609\" data-end=\"667\">resaltar la riqueza cultural, hist\u00f3rica y gastron\u00f3mica<\/strong> del estado, adem\u00e1s de fortalecer alianzas estrat\u00e9gicas que impulsen la llegada de turistas colombianos y de otras partes del mundo.<\/p>\n<h3 data-start=\"803\" data-end=\"859\"><strong data-start=\"807\" data-end=\"857\">Tlaxcala, en la mira del turismo internacional<\/strong><\/h3>\n<p data-start=\"861\" data-end=\"1115\">Durante su participaci\u00f3n, <strong data-start=\"887\" data-end=\"905\">Mena Rodr\u00edguez<\/strong> sostuvo reuniones clave con <strong data-start=\"934\" data-end=\"1038\">autoridades colombianas, empresarios, representantes pol\u00edticos, tour operadores y agencias de viajes<\/strong>, con el prop\u00f3sito de <strong data-start=\"1060\" data-end=\"1112\">atraer m\u00e1s visitantes internacionales a Tlaxcala<\/strong>.<\/p>\n<blockquote data-start=\"1117\" data-end=\"1331\">\n<p data-start=\"1119\" data-end=\"1331\">\u201cEsta participaci\u00f3n es una gran oportunidad para consolidar a Tlaxcala como un destino tur\u00edstico competitivo, al tiempo que generamos nuevos lazos comerciales y culturales con Colombia\u201d, destac\u00f3 el funcionario.<\/p>\n<\/blockquote>\n<p data-start=\"1333\" data-end=\"1560\">Adem\u00e1s, subray\u00f3 que <strong data-start=\"1353\" data-end=\"1446\">uno de los objetivos principales fue establecer relaciones con inversionistas colombianos<\/strong> interesados en el sector tur\u00edstico y artesanal de Tlaxcala, promoviendo as\u00ed nuevas oportunidades de desarrollo.<\/p>\n<h3 data-start=\"1562\" data-end=\"1618\"><strong data-start=\"1566\" data-end=\"1616\">Intercambio cultural y promoci\u00f3n internacional<\/strong><\/h3>\n<p data-start=\"1620\" data-end=\"1856\">Tlaxcala forma parte de la delegaci\u00f3n mexicana en <strong data-start=\"1670\" data-end=\"1684\">ANATO 2025<\/strong>, junto con los estados de <strong data-start=\"1711\" data-end=\"1777\">Michoac\u00e1n, Guanajuato, Chiapas, Oaxaca, Quintana Roo y Morelos<\/strong>, lo que refuerza la colaboraci\u00f3n nacional en materia de promoci\u00f3n tur\u00edstica.<\/p>\n<p data-start=\"1858\" data-end=\"2103\">Entre las reuniones estrat\u00e9gicas que sostuvo la Secture, destac\u00f3 el encuentro con la <strong data-start=\"1943\" data-end=\"2014\">Unidad Administrativa de Planificaci\u00f3n del Eje Cafetero de Colombia<\/strong>, que mostr\u00f3 inter\u00e9s en un <strong data-start=\"2041\" data-end=\"2100\">intercambio cultural con Tlaxcala y sus Pueblos M\u00e1gicos<\/strong>.<\/p>\n<p data-start=\"2105\" data-end=\"2366\">Asimismo, <strong data-start=\"2115\" data-end=\"2187\">tres alcaldes colombianos, de Bel\u00e9n de Umbr\u00eda, Gu\u00e1tica y La Virginia<\/strong>, expresaron su agradecimiento a la delegaci\u00f3n tlaxcalteca por su hospitalidad y manifestaron inter\u00e9s en <strong data-start=\"2292\" data-end=\"2342\">fortalecer la cooperaci\u00f3n tur\u00edstica y cultural<\/strong> entre ambas regiones.<\/p>\n<h3 data-start=\"2368\" data-end=\"2436\"><strong data-start=\"2372\" data-end=\"2434\">Tlaxcala refuerza su estrategia tur\u00edstica en Latinoam\u00e9rica<\/strong><\/h3>\n<p data-start=\"2438\" data-end=\"2639\">Con esta participaci\u00f3n, la <strong data-start=\"2465\" data-end=\"2501\">Secretar\u00eda de Turismo del Estado<\/strong> reafirma su estrategia para <strong data-start=\"2530\" data-end=\"2578\">fortalecer los lazos tur\u00edsticos con Colombia<\/strong>, uno de los mercados emisores m\u00e1s importantes para M\u00e9xico.<\/p>\n<p data-start=\"2641\" data-end=\"2902\" data-is-last-node=\"\" data-is-only-node=\"\">La presencia de Tlaxcala en este evento internacional no solo ampl\u00eda su proyecci\u00f3n tur\u00edstica, sino que tambi\u00e9n <strong data-start=\"2752\" data-end=\"2818\">abre nuevas oportunidades de inversi\u00f3n y colaboraci\u00f3n cultural<\/strong>, posicionando a la entidad como un destino atractivo para el turismo internacional<\/p>\n","protected":false},"excerpt":{"rendered":"<p>Secture promueve los atractivos de la entidad y fortalece lazos con inversionistas y tour operadores internacionales La Secretar\u00eda de Turismo del Estado (Secture) participa en la Vitrina Tur\u00edstica de la Asociaci\u00f3n Colombiana de Agencias de Viajes y Turismo (ANATO) 2025, que se lleva a cabo en Bogot\u00e1, Colombia, del 26 al 28 de febrero, consolidando [&hellip;]<\/p>\n","protected":false},"author":3,"featured_media":38098,"comment_status":"open","ping_status":"open","sticky":false,"template":"","format":"standard","meta":{"footnotes":""},"categories":[7,236,10],"tags":[],"class_list":["post-38097","post","type-post","status-publish","format-standard","has-post-thumbnail","hentry","category-ciudadanos","category-gobierno-de-tlaxcala","category-nacional-e-internacional"],"amp_enabled":true,"_links":{"self":[{"href":"https:\/\/labestiapolitica.com.mx\/index.php?rest_route=\/wp\/v2\/posts\/38097","targetHints":{"allow":["GET"]}}],"collection":[{"href":"https:\/\/labestiapolitica.com.mx\/index.php?rest_route=\/wp\/v2\/posts"}],"about":[{"href":"https:\/\/labestiapolitica.com.mx\/index.php?rest_route=\/wp\/v2\/types\/post"}],"author":[{"embeddable":true,"href":"https:\/\/labestiapolitica.com.mx\/index.php?rest_route=\/wp\/v2\/users\/3"}],"replies":[{"embeddable":true,"href":"https:\/\/labestiapolitica.com.mx\/index.php?rest_route=%2Fwp%2Fv2%2Fcomments&post=38097"}],"version-history":[{"count":1,"href":"https:\/\/labestiapolitica.com.mx\/index.php?rest_route=\/wp\/v2\/posts\/38097\/revisions"}],"predecessor-version":[{"id":38099,"href":"https:\/\/labestiapolitica.com.mx\/index.php?rest_route=\/wp\/v2\/posts\/38097\/revisions\/38099"}],"wp:featuredmedia":[{"embeddable":true,"href":"https:\/\/labestiapolitica.com.mx\/index.php?rest_route=\/wp\/v2\/media\/38098"}],"wp:attachment":[{"href":"https:\/\/labestiapolitica.com.mx\/index.php?rest_route=%2Fwp%2Fv2%2Fmedia&parent=38097"}],"wp:term":[{"taxonomy":"category","embeddable":true,"href":"https:\/\/labestiapolitica.com.mx\/index.php?rest_route=%2Fwp%2Fv2%2Fcategories&post=38097"},{"taxonomy":"post_tag","embeddable":true,"href":"https:\/\/labestiapolitica.com.mx\/index.php?rest_route=%2Fwp%2Fv2%2Ftags&post=38097"}],"curies":[{"name":"wp","href":"https:\/\/api.w.org\/{rel}","templated":true}]}}