{"id":38104,"date":"2025-02-27T18:29:24","date_gmt":"2025-02-28T00:29:24","guid":{"rendered":"https:\/\/labestiapolitica.com.mx\/?p=38104"},"modified":"2025-03-09T14:48:33","modified_gmt":"2025-03-09T20:48:33","slug":"propone-diputada-gabriela-hernandez-que-servicio-social-sea-reconocido-como-experiencia-profesional","status":"publish","type":"post","link":"https:\/\/labestiapolitica.com.mx\/?p=38104","title":{"rendered":"Propone diputada Gabriela Hern\u00e1ndez que servicio social sea reconocido como experiencia profesional"},"content":{"rendered":"<h3 data-start=\"109\" data-end=\"191\"><em data-start=\"113\" data-end=\"189\">La iniciativa busca facilitar la inserci\u00f3n laboral de j\u00f3venes tlaxcaltecas<\/em><\/h3>\n<p data-start=\"193\" data-end=\"562\">Durante la <strong data-start=\"204\" data-end=\"239\">d\u00e9cimo tercera sesi\u00f3n ordinaria<\/strong> del Congreso del Estado de Tlaxcala, la diputada <strong data-start=\"289\" data-end=\"317\">Gabriela Hern\u00e1ndez Islas<\/strong> present\u00f3 una <strong data-start=\"331\" data-end=\"369\">Iniciativa con Proyecto de Decreto<\/strong> para modificar la <strong data-start=\"388\" data-end=\"419\">Ley de Educaci\u00f3n del Estado<\/strong>, con el objetivo de <strong data-start=\"440\" data-end=\"501\">reconocer el servicio social como experiencia profesional<\/strong> y fortalecer las oportunidades de empleo para los j\u00f3venes.<\/p>\n<h3 data-start=\"564\" data-end=\"612\"><strong data-start=\"568\" data-end=\"610\">Garantizar equidad e inclusi\u00f3n laboral<\/strong><\/h3>\n<p data-start=\"614\" data-end=\"896\">En su exposici\u00f3n de motivos, Hern\u00e1ndez Islas se\u00f1al\u00f3 que actualmente, las actividades realizadas durante el servicio social <strong data-start=\"737\" data-end=\"771\">no son debidamente acreditadas<\/strong>, lo que impide que los egresados puedan <strong data-start=\"812\" data-end=\"849\">demostrar experiencia profesional<\/strong> al momento de integrarse al mercado laboral.<\/p>\n<blockquote data-start=\"898\" data-end=\"1197\">\n<p data-start=\"900\" data-end=\"1197\">\u201cEs crucial reconocer el servicio social como experiencia profesional para lograr equidad en la inclusi\u00f3n laboral y aprovechar el talento juvenil. Sin este reconocimiento formal, muchas veces se desestima la labor de los estudiantes, afectando su desarrollo profesional\u201d, destac\u00f3 la legisladora.<\/p>\n<\/blockquote>\n<h3 data-start=\"1199\" data-end=\"1244\"><strong data-start=\"1203\" data-end=\"1242\">Expedici\u00f3n de constancias oficiales<\/strong><\/h3>\n<p data-start=\"1246\" data-end=\"1503\">La reforma propuesta establece que las <strong data-start=\"1285\" data-end=\"1341\">instituciones educativas deber\u00e1n expedir constancias<\/strong> que validen el servicio social como <strong data-start=\"1378\" data-end=\"1405\">experiencia profesional<\/strong>, permitiendo que los j\u00f3venes tlaxcaltecas puedan acceder a <strong data-start=\"1465\" data-end=\"1500\">mejores oportunidades laborales<\/strong>.<\/p>\n<p data-start=\"1505\" data-end=\"1688\">Adem\u00e1s, la diputada subray\u00f3 que esta iniciativa responde a la necesidad de <strong data-start=\"1580\" data-end=\"1635\">armonizar la legislaci\u00f3n estatal con la Carta Magna<\/strong>, adoptando buenas pr\u00e1cticas en educaci\u00f3n y empleo.<\/p>\n<h3 data-start=\"1690\" data-end=\"1738\"><strong data-start=\"1694\" data-end=\"1736\">Siguiente paso: an\u00e1lisis en comisiones<\/strong><\/h3>\n<p data-start=\"1740\" data-end=\"2012\">Tras su presentaci\u00f3n en el <strong data-start=\"1767\" data-end=\"1789\">Pleno del Congreso<\/strong>, la propuesta fue turnada a las <strong data-start=\"1822\" data-end=\"1973\">comisiones unidas de Educaci\u00f3n, Cultura, Ciencia y Tecnolog\u00eda, as\u00ed como a la de Puntos Constitucionales, Gobernaci\u00f3n y Justicia y Asuntos Pol\u00edticos<\/strong>, donde ser\u00e1 analizada y dictaminada.<\/p>\n<p data-start=\"2014\" data-end=\"2253\" data-is-last-node=\"\" data-is-only-node=\"\">Esta iniciativa representa un avance significativo para la juventud tlaxcalteca, ya que facilitar\u00eda su <strong data-start=\"2117\" data-end=\"2174\">transici\u00f3n de la vida acad\u00e9mica al \u00e1mbito profesional<\/strong>, brindando <strong data-start=\"2186\" data-end=\"2229\">mayor equidad y oportunidades laborales<\/strong> a los reci\u00e9n egresados.<\/p>\n","protected":false},"excerpt":{"rendered":"<p>La iniciativa busca facilitar la inserci\u00f3n laboral de j\u00f3venes tlaxcaltecas Durante la d\u00e9cimo tercera sesi\u00f3n ordinaria del Congreso del Estado de Tlaxcala, la diputada Gabriela Hern\u00e1ndez Islas present\u00f3 una Iniciativa con Proyecto de Decreto para modificar la Ley de Educaci\u00f3n del Estado, con el objetivo de reconocer el servicio social como experiencia profesional y fortalecer [&hellip;]<\/p>\n","protected":false},"author":3,"featured_media":38106,"comment_status":"open","ping_status":"open","sticky":false,"template":"","format":"standard","meta":{"footnotes":""},"categories":[12,224],"tags":[],"class_list":["post-38104","post","type-post","status-publish","format-standard","has-post-thumbnail","hentry","category-brujula-2026","category-congreso-del-estado-de-tlaxcala"],"amp_enabled":true,"_links":{"self":[{"href":"https:\/\/labestiapolitica.com.mx\/index.php?rest_route=\/wp\/v2\/posts\/38104","targetHints":{"allow":["GET"]}}],"collection":[{"href":"https:\/\/labestiapolitica.com.mx\/index.php?rest_route=\/wp\/v2\/posts"}],"about":[{"href":"https:\/\/labestiapolitica.com.mx\/index.php?rest_route=\/wp\/v2\/types\/post"}],"author":[{"embeddable":true,"href":"https:\/\/labestiapolitica.com.mx\/index.php?rest_route=\/wp\/v2\/users\/3"}],"replies":[{"embeddable":true,"href":"https:\/\/labestiapolitica.com.mx\/index.php?rest_route=%2Fwp%2Fv2%2Fcomments&post=38104"}],"version-history":[{"count":1,"href":"https:\/\/labestiapolitica.com.mx\/index.php?rest_route=\/wp\/v2\/posts\/38104\/revisions"}],"predecessor-version":[{"id":38107,"href":"https:\/\/labestiapolitica.com.mx\/index.php?rest_route=\/wp\/v2\/posts\/38104\/revisions\/38107"}],"wp:featuredmedia":[{"embeddable":true,"href":"https:\/\/labestiapolitica.com.mx\/index.php?rest_route=\/wp\/v2\/media\/38106"}],"wp:attachment":[{"href":"https:\/\/labestiapolitica.com.mx\/index.php?rest_route=%2Fwp%2Fv2%2Fmedia&parent=38104"}],"wp:term":[{"taxonomy":"category","embeddable":true,"href":"https:\/\/labestiapolitica.com.mx\/index.php?rest_route=%2Fwp%2Fv2%2Fcategories&post=38104"},{"taxonomy":"post_tag","embeddable":true,"href":"https:\/\/labestiapolitica.com.mx\/index.php?rest_route=%2Fwp%2Fv2%2Ftags&post=38104"}],"curies":[{"name":"wp","href":"https:\/\/api.w.org\/{rel}","templated":true}]}}