{"id":38108,"date":"2025-02-27T18:38:18","date_gmt":"2025-02-28T00:38:18","guid":{"rendered":"https:\/\/labestiapolitica.com.mx\/?p=38108"},"modified":"2025-02-27T18:38:42","modified_gmt":"2025-02-28T00:38:42","slug":"diputada-laura-flores-preside-presentacion-del-comite-turistico-de-nanacamilpa-y-feria-del-pulque-2025","status":"publish","type":"post","link":"https:\/\/labestiapolitica.com.mx\/?p=38108","title":{"rendered":"Diputada Laura Flores preside presentaci\u00f3n del comit\u00e9 tur\u00edstico de nanacamilpa y feria del pulque 2025"},"content":{"rendered":"<h3 data-start=\"112\" data-end=\"252\"><em data-start=\"116\" data-end=\"250\">Se anuncian las actividades de la \u201cAut\u00e9ntica Feria del Pulque en Honor a San Jos\u00e9\u201d y el Encuentro Internacional \u201cSaberes Culturales\u201d<\/em><\/h3>\n<p data-start=\"254\" data-end=\"603\">La diputada <strong data-start=\"266\" data-end=\"296\">Laura Yamili Flores Lozano<\/strong> encabez\u00f3 una rueda de prensa en el <strong data-start=\"332\" data-end=\"372\">Patio Vitral del Congreso del Estado<\/strong>, donde se present\u00f3 el <strong data-start=\"395\" data-end=\"447\">Comit\u00e9 Consultivo Tur\u00edstico (CCT) de Nanacamilpa<\/strong>, as\u00ed como las actividades programadas para la <strong data-start=\"494\" data-end=\"551\">\u201cAut\u00e9ntica Feria del Pulque en Honor a San Jos\u00e9 2025\u201d<\/strong>, que se llevar\u00e1 a cabo del <strong data-start=\"579\" data-end=\"600\">14 al 19 de marzo<\/strong>.<\/p>\n<p data-start=\"605\" data-end=\"1006\">La legisladora destac\u00f3 la <strong data-start=\"631\" data-end=\"681\">importancia de impulsar el turismo en Tlaxcala<\/strong> y reconoci\u00f3 el esfuerzo del <strong data-start=\"710\" data-end=\"741\">Ayuntamiento de Nanacamilpa<\/strong> por preservar las tradiciones y fortalecer la identidad cultural del municipio. Asimismo, resalt\u00f3 la colaboraci\u00f3n entre el <strong data-start=\"865\" data-end=\"935\">Congreso del Estado y la Comisi\u00f3n de Turismo de la LXV Legislatura<\/strong>, para consolidar proyectos que beneficien al sector tur\u00edstico local.<\/p>\n<blockquote data-start=\"1008\" data-end=\"1231\">\n<p data-start=\"1010\" data-end=\"1231\">\u201cEl Congreso abre sus puertas a eventos que fortalecen el turismo y la econom\u00eda del estado. Felicito a las autoridades municipales por su compromiso con la cultura y el desarrollo de Nanacamilpa\u201d, expres\u00f3 Flores Lozano.<\/p>\n<\/blockquote>\n<h3 data-start=\"1233\" data-end=\"1289\"><strong data-start=\"1237\" data-end=\"1287\">Respaldo legislativo al turismo de Nanacamilpa<\/strong><\/h3>\n<p data-start=\"1291\" data-end=\"1629\">En el evento, la diputada estuvo acompa\u00f1ada por su hom\u00f3loga <strong data-start=\"1351\" data-end=\"1379\">Engracia Morales Delgado<\/strong>, ambas vocales de la Comisi\u00f3n de Turismo, quienes reiteraron su <strong data-start=\"1444\" data-end=\"1493\">apoyo al Ayuntamiento y al CCT de Nanacamilpa<\/strong>. Tambi\u00e9n reafirmaron el compromiso de la comisi\u00f3n, en representaci\u00f3n de su presidenta, la diputada <strong data-start=\"1593\" data-end=\"1626\">Soraya Noem\u00ed Bocardo Phillips<\/strong>.<\/p>\n<p data-start=\"1631\" data-end=\"1845\">Por su parte, el alcalde de <strong data-start=\"1659\" data-end=\"1693\">Nanacamilpa, Ar\u00f3n Vargas \u00c1ngel<\/strong>, junto a integrantes del cabildo y directores de \u00e1rea, detall\u00f3 la <strong data-start=\"1760\" data-end=\"1811\">cartelera cultural, art\u00edstica y de espect\u00e1culos<\/strong> que formar\u00e1n parte de la feria.<\/p>\n<h3 data-start=\"1847\" data-end=\"1901\"><strong data-start=\"1851\" data-end=\"1899\">Encuentro Internacional \u201cSaberes Culturales\u201d<\/strong><\/h3>\n<p data-start=\"1903\" data-end=\"2181\">Como parte de las actividades, se anunci\u00f3 la realizaci\u00f3n del <strong data-start=\"1964\" data-end=\"2020\">segundo Encuentro Internacional \u201cSaberes Culturales\u201d<\/strong>, en el que participar\u00e1n <strong data-start=\"2045\" data-end=\"2087\">ponentes de Colombia, Ecuador y M\u00e9xico<\/strong>, con el objetivo de <strong data-start=\"2108\" data-end=\"2178\">intercambiar conocimientos sobre tradiciones y patrimonio cultural<\/strong>.<\/p>\n<p data-start=\"2183\" data-end=\"2371\">Este evento, junto con la Feria del Pulque, busca consolidar a <strong data-start=\"2246\" data-end=\"2305\">Nanacamilpa como un destino tur\u00edstico clave en Tlaxcala<\/strong>, promoviendo su <strong data-start=\"2322\" data-end=\"2368\">riqueza cultural, gastron\u00f3mica y artesanal<\/strong>.<\/p>\n<p data-start=\"2373\" data-end=\"2585\" data-is-last-node=\"\" data-is-only-node=\"\">Con estas acciones, el Congreso del Estado y el Ayuntamiento de Nanacamilpa <strong data-start=\"2449\" data-end=\"2495\">fortalecen el turismo y la identidad local<\/strong>, reafirmando el compromiso con el desarrollo y proyecci\u00f3n de los municipios tlaxcaltecas.<\/p>\n","protected":false},"excerpt":{"rendered":"<p>Se anuncian las actividades de la \u201cAut\u00e9ntica Feria del Pulque en Honor a San Jos\u00e9\u201d y el Encuentro Internacional \u201cSaberes Culturales\u201d La diputada Laura Yamili Flores Lozano encabez\u00f3 una rueda de prensa en el Patio Vitral del Congreso del Estado, donde se present\u00f3 el Comit\u00e9 Consultivo Tur\u00edstico (CCT) de Nanacamilpa, as\u00ed como las actividades programadas [&hellip;]<\/p>\n","protected":false},"author":3,"featured_media":38109,"comment_status":"open","ping_status":"open","sticky":false,"template":"","format":"standard","meta":{"footnotes":""},"categories":[12,224],"tags":[],"class_list":["post-38108","post","type-post","status-publish","format-standard","has-post-thumbnail","hentry","category-brujula-2026","category-congreso-del-estado-de-tlaxcala"],"amp_enabled":true,"_links":{"self":[{"href":"https:\/\/labestiapolitica.com.mx\/index.php?rest_route=\/wp\/v2\/posts\/38108","targetHints":{"allow":["GET"]}}],"collection":[{"href":"https:\/\/labestiapolitica.com.mx\/index.php?rest_route=\/wp\/v2\/posts"}],"about":[{"href":"https:\/\/labestiapolitica.com.mx\/index.php?rest_route=\/wp\/v2\/types\/post"}],"author":[{"embeddable":true,"href":"https:\/\/labestiapolitica.com.mx\/index.php?rest_route=\/wp\/v2\/users\/3"}],"replies":[{"embeddable":true,"href":"https:\/\/labestiapolitica.com.mx\/index.php?rest_route=%2Fwp%2Fv2%2Fcomments&post=38108"}],"version-history":[{"count":1,"href":"https:\/\/labestiapolitica.com.mx\/index.php?rest_route=\/wp\/v2\/posts\/38108\/revisions"}],"predecessor-version":[{"id":38110,"href":"https:\/\/labestiapolitica.com.mx\/index.php?rest_route=\/wp\/v2\/posts\/38108\/revisions\/38110"}],"wp:featuredmedia":[{"embeddable":true,"href":"https:\/\/labestiapolitica.com.mx\/index.php?rest_route=\/wp\/v2\/media\/38109"}],"wp:attachment":[{"href":"https:\/\/labestiapolitica.com.mx\/index.php?rest_route=%2Fwp%2Fv2%2Fmedia&parent=38108"}],"wp:term":[{"taxonomy":"category","embeddable":true,"href":"https:\/\/labestiapolitica.com.mx\/index.php?rest_route=%2Fwp%2Fv2%2Fcategories&post=38108"},{"taxonomy":"post_tag","embeddable":true,"href":"https:\/\/labestiapolitica.com.mx\/index.php?rest_route=%2Fwp%2Fv2%2Ftags&post=38108"}],"curies":[{"name":"wp","href":"https:\/\/api.w.org\/{rel}","templated":true}]}}