{"id":38111,"date":"2025-02-27T18:50:42","date_gmt":"2025-02-28T00:50:42","guid":{"rendered":"https:\/\/labestiapolitica.com.mx\/?p=38111"},"modified":"2025-02-27T18:50:42","modified_gmt":"2025-02-28T00:50:42","slug":"reforma-a-la-ley-del-issste-no-afectara-a-docentes-ni-trabajadores-de-base","status":"publish","type":"post","link":"https:\/\/labestiapolitica.com.mx\/?p=38111","title":{"rendered":"Reforma a la ley del ISSSTE no afectar\u00e1 a docentes ni trabajadores de base"},"content":{"rendered":"<h3 data-start=\"84\" data-end=\"186\"><em data-start=\"88\" data-end=\"184\">SEPE-USET llama a mantenerse informados y evitar la desinformaci\u00f3n sobre los cambios en la ley<\/em><\/h3>\n<p data-start=\"188\" data-end=\"555\">La presidenta de M\u00e9xico, <strong data-start=\"213\" data-end=\"240\">Claudia Sheinbaum Pardo<\/strong>, asegur\u00f3 que la <strong data-start=\"257\" data-end=\"365\">reforma a la Ley del Instituto de Seguridad y Servicios Sociales de los Trabajadores del Estado (ISSSTE)<\/strong> <strong data-start=\"366\" data-end=\"418\">no afectar\u00e1 a docentes ni a trabajadores de base<\/strong>, por lo que llam\u00f3 a conocer la informaci\u00f3n oficial y evitar interpretaciones err\u00f3neas que generen preocupaci\u00f3n en el sector educativo.<\/p>\n<blockquote data-start=\"557\" data-end=\"931\">\n<p data-start=\"559\" data-end=\"931\">\u201cLas reformas tienen dos objetivos: primero, fortalecer al ISSSTE con un aporte del 2.7% por parte de servidores p\u00fablicos de confianza de los Poderes Ejecutivo, Legislativo y Judicial, sin que esto impacte en pensiones ni en los derechos adquiridos. Segundo, no se aplicar\u00e1 ning\u00fan descuento adicional a los maestros ni a los trabajadores de base\u201d, explic\u00f3 la mandataria.<\/p>\n<\/blockquote>\n<h3 data-start=\"933\" data-end=\"977\"><strong data-start=\"937\" data-end=\"975\">Llamado a evitar la desinformaci\u00f3n<\/strong><\/h3>\n<p data-start=\"979\" data-end=\"1307\">En este contexto, el titular de la <strong data-start=\"1014\" data-end=\"1160\">Secretar\u00eda de Educaci\u00f3n P\u00fablica del Estado y de la Unidad de Servicios Educativos del Estado de Tlaxcala (SEPE-USET), Homero Meneses Hern\u00e1ndez<\/strong>, pidi\u00f3 a los trabajadores del sector educativo mantenerse informados a trav\u00e9s de <strong data-start=\"1242\" data-end=\"1263\">fuentes oficiales<\/strong>, para evitar confusiones y malentendidos.<\/p>\n<blockquote data-start=\"1309\" data-end=\"1520\">\n<p data-start=\"1311\" data-end=\"1520\">\u201cLa presidenta ya lo aclar\u00f3: no hay afectaciones para docentes ni trabajadores basificados. Es fundamental evitar caer en desinformaci\u00f3n que solo busca generar inestabilidad en el sector educativo\u201d, subray\u00f3.<\/p>\n<\/blockquote>\n<p data-start=\"1522\" data-end=\"1779\">Adem\u00e1s, enfatiz\u00f3 que el <strong data-start=\"1546\" data-end=\"1588\">objetivo central del sistema educativo<\/strong> es <strong data-start=\"1592\" data-end=\"1650\">garantizar la formaci\u00f3n de ni\u00f1as, ni\u00f1os y adolescentes<\/strong>, por lo que inst\u00f3 a la comunidad educativa a <strong data-start=\"1696\" data-end=\"1729\">no dejarse llevar por rumores<\/strong> que pongan en riesgo la estabilidad del sector.<\/p>\n<h3 data-start=\"1781\" data-end=\"1822\"><strong data-start=\"1785\" data-end=\"1820\">Mejoras en cr\u00e9ditos de vivienda<\/strong><\/h3>\n<p data-start=\"1824\" data-end=\"2153\">Entre los cambios en la ley tambi\u00e9n se contemplan <strong data-start=\"1874\" data-end=\"1932\">ajustes al Fondo de la Vivienda del ISSSTE (FOVISSSTE)<\/strong>, con la finalidad de <strong data-start=\"1954\" data-end=\"2007\">reducir deudas e intereses en cr\u00e9ditos impagables<\/strong>, as\u00ed como permitir que el organismo <strong data-start=\"2044\" data-end=\"2088\">construya viviendas a precios accesibles<\/strong>, beneficiando directamente a los trabajadores de la educaci\u00f3n.<\/p>\n<h3 data-start=\"2155\" data-end=\"2193\"><strong data-start=\"2159\" data-end=\"2191\">Compromiso con el magisterio<\/strong><\/h3>\n<p data-start=\"2195\" data-end=\"2443\">Meneses Hern\u00e1ndez destac\u00f3 el <strong data-start=\"2224\" data-end=\"2276\">compromiso del gobierno federal con los docentes<\/strong>, al mantener un <strong data-start=\"2293\" data-end=\"2312\">di\u00e1logo abierto<\/strong> sobre el tema y permitir la posibilidad de realizar <strong data-start=\"2365\" data-end=\"2402\">ajustes en la redacci\u00f3n de la ley<\/strong> para evitar interpretaciones err\u00f3neas.<\/p>\n<p data-start=\"2445\" data-end=\"2750\">Asimismo, reiter\u00f3 que el <strong data-start=\"2470\" data-end=\"2592\">Gobierno Estatal, encabezado por Lorena Cu\u00e9llar Cisneros, respeta y protege los derechos laborales de los trabajadores<\/strong> y mantiene una <strong data-start=\"2608\" data-end=\"2699\">coordinaci\u00f3n constante con el Sindicato Nacional de Trabajadores de la Educaci\u00f3n (SNTE)<\/strong> para <strong data-start=\"2705\" data-end=\"2747\">salvaguardar el derecho a la educaci\u00f3n<\/strong>.<\/p>\n<p data-start=\"2752\" data-end=\"2990\" data-is-last-node=\"\" data-is-only-node=\"\">Finalmente, insisti\u00f3 en la importancia de <strong data-start=\"2794\" data-end=\"2849\">no dejarse llevar por informaci\u00f3n falsa o imprecisa<\/strong>, y confiar en las <strong data-start=\"2868\" data-end=\"2907\">autoridades educativas y sindicales<\/strong> que trabajan para garantizar la estabilidad y el bienestar del sector magisterial.<\/p>\n","protected":false},"excerpt":{"rendered":"<p>SEPE-USET llama a mantenerse informados y evitar la desinformaci\u00f3n sobre los cambios en la ley La presidenta de M\u00e9xico, Claudia Sheinbaum Pardo, asegur\u00f3 que la reforma a la Ley del Instituto de Seguridad y Servicios Sociales de los Trabajadores del Estado (ISSSTE) no afectar\u00e1 a docentes ni a trabajadores de base, por lo que llam\u00f3 [&hellip;]<\/p>\n","protected":false},"author":3,"featured_media":38112,"comment_status":"open","ping_status":"open","sticky":false,"template":"","format":"standard","meta":{"footnotes":""},"categories":[7],"tags":[],"class_list":["post-38111","post","type-post","status-publish","format-standard","has-post-thumbnail","hentry","category-ciudadanos"],"amp_enabled":true,"_links":{"self":[{"href":"https:\/\/labestiapolitica.com.mx\/index.php?rest_route=\/wp\/v2\/posts\/38111","targetHints":{"allow":["GET"]}}],"collection":[{"href":"https:\/\/labestiapolitica.com.mx\/index.php?rest_route=\/wp\/v2\/posts"}],"about":[{"href":"https:\/\/labestiapolitica.com.mx\/index.php?rest_route=\/wp\/v2\/types\/post"}],"author":[{"embeddable":true,"href":"https:\/\/labestiapolitica.com.mx\/index.php?rest_route=\/wp\/v2\/users\/3"}],"replies":[{"embeddable":true,"href":"https:\/\/labestiapolitica.com.mx\/index.php?rest_route=%2Fwp%2Fv2%2Fcomments&post=38111"}],"version-history":[{"count":1,"href":"https:\/\/labestiapolitica.com.mx\/index.php?rest_route=\/wp\/v2\/posts\/38111\/revisions"}],"predecessor-version":[{"id":38113,"href":"https:\/\/labestiapolitica.com.mx\/index.php?rest_route=\/wp\/v2\/posts\/38111\/revisions\/38113"}],"wp:featuredmedia":[{"embeddable":true,"href":"https:\/\/labestiapolitica.com.mx\/index.php?rest_route=\/wp\/v2\/media\/38112"}],"wp:attachment":[{"href":"https:\/\/labestiapolitica.com.mx\/index.php?rest_route=%2Fwp%2Fv2%2Fmedia&parent=38111"}],"wp:term":[{"taxonomy":"category","embeddable":true,"href":"https:\/\/labestiapolitica.com.mx\/index.php?rest_route=%2Fwp%2Fv2%2Fcategories&post=38111"},{"taxonomy":"post_tag","embeddable":true,"href":"https:\/\/labestiapolitica.com.mx\/index.php?rest_route=%2Fwp%2Fv2%2Ftags&post=38111"}],"curies":[{"name":"wp","href":"https:\/\/api.w.org\/{rel}","templated":true}]}}