{"id":38115,"date":"2025-02-27T20:56:52","date_gmt":"2025-02-28T02:56:52","guid":{"rendered":"https:\/\/labestiapolitica.com.mx\/?p=38115"},"modified":"2025-03-09T14:48:23","modified_gmt":"2025-03-09T20:48:23","slug":"rubrum-morena-mantiene-amplia-ventaja-en-tlaxcala-rumbo-a-la-gubernatura-de-2027","status":"publish","type":"post","link":"https:\/\/labestiapolitica.com.mx\/?p=38115","title":{"rendered":"Rubrum: MORENA mantiene amplia ventaja en Tlaxcala rumbo a la gubernatura de 2027"},"content":{"rendered":"<p style=\"text-align: justify;\" data-start=\"78\" data-end=\"113\"><strong data-start=\"78\" data-end=\"111\">Febrero 2025 | Fuente: RUBRUM<\/strong><\/p>\n<p style=\"text-align: justify;\" data-start=\"115\" data-end=\"331\">Fabiola M\u00c1RQUEZ\/ A menos de tres a\u00f1os de la elecci\u00f3n para gobernador en Tlaxcala, un reciente sondeo de RUBRUM confirma el dominio de <strong data-start=\"232\" data-end=\"242\">MORENA<\/strong> tanto en intenci\u00f3n de voto como en la preferencia interna para definir a su candidato.<\/p>\n<p style=\"text-align: justify;\" data-start=\"388\" data-end=\"807\">De acuerdo con la encuesta, <strong data-start=\"416\" data-end=\"467\">MORENA lidera la intenci\u00f3n de voto con un 39.1%<\/strong>, coloc\u00e1ndose como el partido con mayor respaldo ciudadano. En segundo lugar, se encuentra el <strong data-start=\"561\" data-end=\"578\">PAN con 13.9%<\/strong>, seguido del <strong data-start=\"592\" data-end=\"609\">PRI con 13.0%<\/strong>, mientras que <strong data-start=\"624\" data-end=\"670\">Movimiento Ciudadano (MC) alcanza el 11.3%<\/strong>. Sin embargo, un <strong data-start=\"688\" data-end=\"745\">22.7% de los encuestados a\u00fan no decide su preferencia<\/strong>, lo que deja un margen de disputa en el panorama electoral.<\/p>\n<p style=\"text-align: justify;\" data-start=\"866\" data-end=\"1105\">Dentro de MORENA, la lucha parece ser entre dos figuras; la senadora Ana LIlia Rivera y el alcalde capitalino, Alfonso S\u00e1nchez Garc\u00eda. A<strong data-start=\"896\" data-end=\"916\">na Lilia Rivera<\/strong> se posiciona como la aspirante m\u00e1s fuerte.<\/p>\n<p style=\"text-align: justify;\" data-start=\"866\" data-end=\"1105\">Seg\u00fan los resultados del sondeo, las preferencias al interior del partido son las siguientes: <strong data-start=\"1108\" data-end=\"1128\">Ana Lilia Rivera (SENADORA)<\/strong>: 41.0%; <strong data-start=\"1140\" data-end=\"1159\">Alfonso S\u00e1nchez Garc\u00eda (ALCALDE)<\/strong>: 17.7%; <strong data-start=\"1171\" data-end=\"1192\">Alejandro Aguilar (DIPUTADO FEDERAL<\/strong>: 9.9%; <strong data-start=\"1203\" data-end=\"1218\">Dulce Silva (EMPRESARIA)<\/strong>: 7.8%; <strong data-start=\"1229\" data-end=\"1244\">Luis Vargas (EMPRESARIO)<\/strong>: 4.8%; <strong data-start=\"1255\" data-end=\"1277\">Fernando Le\u00f3n Nava (M\u00c9DICO)<\/strong>: 2.7%; y <strong data-start=\"1288\" data-end=\"1310\">Josefina Rodr\u00edguez (SECRETARIA FEDERAL SECTUR<\/strong>: 1.5%.\u00a0 <strong data-start=\"1321\" data-end=\"1329\">Otro<\/strong>: 14.6%.<\/p>\n<p data-start=\"866\" data-end=\"1105\"><img loading=\"lazy\" decoding=\"async\" class=\"alignnone size-full wp-image-38117\" src=\"https:\/\/labestiapolitica.com.mx\/wp-content\/uploads\/2025\/02\/rubrum4.jpg\" alt=\"\" width=\"1000\" height=\"600\" srcset=\"https:\/\/labestiapolitica.com.mx\/wp-content\/uploads\/2025\/02\/rubrum4.jpg 1000w, https:\/\/labestiapolitica.com.mx\/wp-content\/uploads\/2025\/02\/rubrum4-300x180.jpg 300w, https:\/\/labestiapolitica.com.mx\/wp-content\/uploads\/2025\/02\/rubrum4-768x461.jpg 768w\" sizes=\"auto, (max-width: 1000px) 100vw, 1000px\" \/><\/p>\n<p style=\"text-align: justify;\" data-start=\"1586\" data-end=\"1755\">En la contienda interna del <strong data-start=\"1614\" data-end=\"1621\">PAN<\/strong>, la exsenadora <strong data-start=\"1637\" data-end=\"1655\">Adriana D\u00e1vila<\/strong> se coloca como la principal aspirante con una ventaja considerable sobre los dem\u00e1s contendientes. <strong data-start=\"1758\" data-end=\"1776\">Adriana D\u00e1vila<\/strong>: 51.8%; <strong data-start=\"1788\" data-end=\"1807\">Mariana Jim\u00e9nez<\/strong>: 11.0%; <strong data-start=\"1819\" data-end=\"1838\">Miriam Mart\u00ednez<\/strong>: 10.4%; <strong data-start=\"1850\" data-end=\"1870\">\u00c1ngelo Guti\u00e9rrez<\/strong>: 5.4%; <strong data-start=\"1881\" data-end=\"1889\">Otro<\/strong>: 21.4%.<\/p>\n<p data-start=\"1586\" data-end=\"1755\"><img loading=\"lazy\" decoding=\"async\" class=\"alignnone size-full wp-image-38118\" src=\"https:\/\/labestiapolitica.com.mx\/wp-content\/uploads\/2025\/02\/rubrum2.jpg\" alt=\"\" width=\"1000\" height=\"600\" srcset=\"https:\/\/labestiapolitica.com.mx\/wp-content\/uploads\/2025\/02\/rubrum2.jpg 1000w, https:\/\/labestiapolitica.com.mx\/wp-content\/uploads\/2025\/02\/rubrum2-300x180.jpg 300w, https:\/\/labestiapolitica.com.mx\/wp-content\/uploads\/2025\/02\/rubrum2-768x461.jpg 768w\" sizes=\"auto, (max-width: 1000px) 100vw, 1000px\" \/><\/p>\n<p style=\"text-align: justify;\" data-start=\"2063\" data-end=\"2199\">Por su parte, en el <strong data-start=\"2083\" data-end=\"2090\">PRI<\/strong>, la senadora <strong data-start=\"2104\" data-end=\"2122\">Anabell \u00c1valos<\/strong> se posiciona con una amplia ventaja en la preferencia interna del partido: <strong data-start=\"2202\" data-end=\"2220\">Anabell \u00c1valos<\/strong>: 56.3%; <strong data-start=\"2232\" data-end=\"2251\">Enrique Padilla<\/strong>: 11.3%; <strong data-start=\"2263\" data-end=\"2271\">Otro<\/strong>: 32.4%<\/p>\n<p style=\"text-align: justify;\" data-start=\"2282\" data-end=\"2406\">\u00c1valos mantiene una mayor\u00eda clara dentro del priismo tlaxcalteca, dejando a Enrique Padilla con un bajo nivel de respaldo.<\/p>\n<p data-start=\"2282\" data-end=\"2406\"><img loading=\"lazy\" decoding=\"async\" class=\"alignnone size-full wp-image-38119\" src=\"https:\/\/labestiapolitica.com.mx\/wp-content\/uploads\/2025\/02\/rubrum3.jpg\" alt=\"\" width=\"1000\" height=\"600\" srcset=\"https:\/\/labestiapolitica.com.mx\/wp-content\/uploads\/2025\/02\/rubrum3.jpg 1000w, https:\/\/labestiapolitica.com.mx\/wp-content\/uploads\/2025\/02\/rubrum3-300x180.jpg 300w, https:\/\/labestiapolitica.com.mx\/wp-content\/uploads\/2025\/02\/rubrum3-768x461.jpg 768w\" sizes=\"auto, (max-width: 1000px) 100vw, 1000px\" \/><\/p>\n<p style=\"text-align: justify;\" data-start=\"2461\" data-end=\"2600\">En <strong data-start=\"2464\" data-end=\"2493\">Movimiento Ciudadano (MC)<\/strong>, el sondeo revela que la mayor\u00eda de los encuestados no identifica un candidato definido para el partido: <strong data-start=\"2603\" data-end=\"2620\">Refugio Rivas<\/strong>: 36.7%. <strong data-start=\"2632\" data-end=\"2640\">Otro<\/strong>: 63.3%<\/p>\n<p style=\"text-align: justify;\" data-start=\"2651\" data-end=\"2830\">MC es el \u00fanico partido donde la opci\u00f3n \u00abotro\u00bb supera por mucho a la \u00fanica figura mencionada, lo que indica que su candidato a\u00fan no es ampliamente reconocido entre el electorado.<\/p>\n<p data-start=\"2651\" data-end=\"2830\"><img loading=\"lazy\" decoding=\"async\" class=\"alignnone size-full wp-image-38120\" src=\"https:\/\/labestiapolitica.com.mx\/wp-content\/uploads\/2025\/02\/rubrum5.jpg\" alt=\"\" width=\"1000\" height=\"600\" srcset=\"https:\/\/labestiapolitica.com.mx\/wp-content\/uploads\/2025\/02\/rubrum5.jpg 1000w, https:\/\/labestiapolitica.com.mx\/wp-content\/uploads\/2025\/02\/rubrum5-300x180.jpg 300w, https:\/\/labestiapolitica.com.mx\/wp-content\/uploads\/2025\/02\/rubrum5-768x461.jpg 768w\" sizes=\"auto, (max-width: 1000px) 100vw, 1000px\" \/><\/p>\n<h3 style=\"text-align: justify;\" data-start=\"2832\" data-end=\"2865\"><strong data-start=\"2836\" data-end=\"2863\">Metodolog\u00eda del sondeo: <\/strong><\/h3>\n<h3 style=\"text-align: justify;\" data-start=\"2832\" data-end=\"2865\"><strong style=\"font-size: 16px;\" data-start=\"2868\" data-end=\"2889\">Tipo de encuesta:<\/strong><span style=\"font-size: 16px;\"> Telef\u00f3nica automatizada<\/span><\/h3>\n<ul style=\"text-align: justify;\" data-start=\"2866\" data-end=\"3153\">\n<li data-start=\"2916\" data-end=\"2983\"><strong data-start=\"2918\" data-end=\"2940\">Poblaci\u00f3n muestra:<\/strong> Hombres y mujeres habitantes de Tlaxcala<\/li>\n<li data-start=\"2984\" data-end=\"3033\"><strong data-start=\"2986\" data-end=\"3006\">Tipo de muestra:<\/strong> Aleatorio representativo<\/li>\n<li data-start=\"3034\" data-end=\"3065\"><strong data-start=\"3036\" data-end=\"3059\">Nivel de confianza:<\/strong> 95%<\/li>\n<li data-start=\"3066\" data-end=\"3099\"><strong data-start=\"3068\" data-end=\"3088\">Margen de error:<\/strong> +\/- 3.8%<\/li>\n<li data-start=\"3100\" data-end=\"3153\"><strong data-start=\"3102\" data-end=\"3129\">Fecha de levantamiento:<\/strong> 25 de febrero de 2025<\/li>\n<\/ul>\n<h3 style=\"text-align: justify;\" data-start=\"3155\" data-end=\"3175\"><strong data-start=\"3159\" data-end=\"3173\">Conclusi\u00f3n<\/strong><\/h3>\n<p style=\"text-align: justify;\" data-start=\"3694\" data-end=\"3883\">Este primer ejercicio de medici\u00f3n de cara a 2027 perfila un escenario competitivo, donde MORENA parte con ventaja, pero el panorama a\u00fan puede cambiar conforme avance el proceso electoral.<\/p>\n<p style=\"text-align: justify;\" data-start=\"3885\" data-end=\"4057\" data-is-last-node=\"\" data-is-only-node=\"\">\n","protected":false},"excerpt":{"rendered":"<p>Febrero 2025 | Fuente: RUBRUM Fabiola M\u00c1RQUEZ\/ A menos de tres a\u00f1os de la elecci\u00f3n para gobernador en Tlaxcala, un reciente sondeo de RUBRUM confirma el dominio de MORENA tanto en intenci\u00f3n de voto como en la preferencia interna para definir a su candidato. De acuerdo con la encuesta, MORENA lidera la intenci\u00f3n de voto [&hellip;]<\/p>\n","protected":false},"author":3,"featured_media":38116,"comment_status":"open","ping_status":"open","sticky":false,"template":"","format":"standard","meta":{"footnotes":""},"categories":[12],"tags":[],"class_list":["post-38115","post","type-post","status-publish","format-standard","has-post-thumbnail","hentry","category-brujula-2026"],"amp_enabled":true,"_links":{"self":[{"href":"https:\/\/labestiapolitica.com.mx\/index.php?rest_route=\/wp\/v2\/posts\/38115","targetHints":{"allow":["GET"]}}],"collection":[{"href":"https:\/\/labestiapolitica.com.mx\/index.php?rest_route=\/wp\/v2\/posts"}],"about":[{"href":"https:\/\/labestiapolitica.com.mx\/index.php?rest_route=\/wp\/v2\/types\/post"}],"author":[{"embeddable":true,"href":"https:\/\/labestiapolitica.com.mx\/index.php?rest_route=\/wp\/v2\/users\/3"}],"replies":[{"embeddable":true,"href":"https:\/\/labestiapolitica.com.mx\/index.php?rest_route=%2Fwp%2Fv2%2Fcomments&post=38115"}],"version-history":[{"count":1,"href":"https:\/\/labestiapolitica.com.mx\/index.php?rest_route=\/wp\/v2\/posts\/38115\/revisions"}],"predecessor-version":[{"id":38121,"href":"https:\/\/labestiapolitica.com.mx\/index.php?rest_route=\/wp\/v2\/posts\/38115\/revisions\/38121"}],"wp:featuredmedia":[{"embeddable":true,"href":"https:\/\/labestiapolitica.com.mx\/index.php?rest_route=\/wp\/v2\/media\/38116"}],"wp:attachment":[{"href":"https:\/\/labestiapolitica.com.mx\/index.php?rest_route=%2Fwp%2Fv2%2Fmedia&parent=38115"}],"wp:term":[{"taxonomy":"category","embeddable":true,"href":"https:\/\/labestiapolitica.com.mx\/index.php?rest_route=%2Fwp%2Fv2%2Fcategories&post=38115"},{"taxonomy":"post_tag","embeddable":true,"href":"https:\/\/labestiapolitica.com.mx\/index.php?rest_route=%2Fwp%2Fv2%2Ftags&post=38115"}],"curies":[{"name":"wp","href":"https:\/\/api.w.org\/{rel}","templated":true}]}}